{"id":29240,"date":"2023-05-02T16:26:24","date_gmt":"2023-05-02T20:26:24","guid":{"rendered":"https:\/\/wrapcompliance.org\/?p=29240"},"modified":"2023-05-05T12:35:08","modified_gmt":"2023-05-05T16:35:08","slug":"panel-discussion-on-cultural-impact-of-rana-plaza-at-2023-sustainability-summit","status":"publish","type":"post","link":"https:\/\/wrapcompliance.org\/de\/panel-discussion-on-cultural-impact-of-rana-plaza-at-2023-sustainability-summit\/","title":{"rendered":"Podiumsdiskussion zum kulturellen Einfluss von Rana Plaza beim Nachhaltigkeitsgipfel 2023"},"content":{"rendered":"<p class=\"appear-on-scroll\">Avedis Seferian, Pr\u00e4sident und CEO von WRAP, war einer der Hauptredner beim Sustainability Summit 2023 des Sourcing Journal in New York. Er nahm an einer Podiumsdiskussion teil, in der es um die Auswirkungen des tragischen Einsturzes des Rana Plaza auf die soziale Compliance und den globalen Diskurs \u00fcber Menschenrechtsfragen in Lieferketten ging. <\/p>\n\n<p class=\"appear-on-scroll\">Erfahren Sie unter dem folgenden Link mehr \u00fcber die Erkenntnisse und pers\u00f6nlichen Erfahrungsberichte, die w\u00e4hrend dieser Sitzung geteilt wurden. <\/p>\n\n<div  class=\"appear-on-scroll wp-block-buttons is-layout-flex wp-block-buttons-is-layout-flex\" >\n<div class=\"wp-block-button\"><a class=\"wp-block-button__link wp-element-button\" href=\"https:\/\/sourcingjournal.com\/topics\/labor\/rana-plaza-collapse-bangladesh-pakistan-accord-worker-safety-aafa-wrap-431842\/\" target=\"_blank\" rel=\"noreferrer noopener\"><span class=\"label\">Artikel lesen<\/span><\/a><\/div>\n<\/div>\n\n<figure  class=\"appear-on-scroll wp-block-gallery has-nested-images columns-default is-cropped wp-block-gallery-1 is-layout-flex wp-block-gallery-is-layout-flex\" ><figure  class=\"appear-on-scroll wp-block-image size-full\" ><img loading=\"lazy\" decoding=\"async\" width=\"2048\" height=\"1536\" data-id=\"29243\" src=\"https:\/\/wrapcompliance.org\/wp-content\/uploads\/2023\/05\/IMG_1240-1-scaled.jpg\" alt=\"\" class=\"wp-image-29243\" srcset=\"https:\/\/wrapcompliance.org\/wp-content\/uploads\/2023\/05\/IMG_1240-1-scaled.jpg 2048w, https:\/\/wrapcompliance.org\/wp-content\/uploads\/2023\/05\/IMG_1240-1-300x225.jpg 300w, https:\/\/wrapcompliance.org\/wp-content\/uploads\/2023\/05\/IMG_1240-1-1024x768.jpg 1024w, https:\/\/wrapcompliance.org\/wp-content\/uploads\/2023\/05\/IMG_1240-1-768x576.jpg 768w, https:\/\/wrapcompliance.org\/wp-content\/uploads\/2023\/05\/IMG_1240-1-1536x1152.jpg 1536w, https:\/\/wrapcompliance.org\/wp-content\/uploads\/2023\/05\/IMG_1240-1-16x12.jpg 16w, https:\/\/wrapcompliance.org\/wp-content\/uploads\/2023\/05\/IMG_1240-1-2000x1500.jpg 2000w, https:\/\/wrapcompliance.org\/wp-content\/uploads\/2023\/05\/IMG_1240-1-600x450.jpg 600w, https:\/\/wrapcompliance.org\/wp-content\/uploads\/2023\/05\/IMG_1240-1-1000x750.jpg 1000w\" sizes=\"auto, (max-width: 2048px) 100vw, 2048px\" \/><\/figure>\n\n<figure  class=\"appear-on-scroll wp-block-image size-full\" ><img loading=\"lazy\" decoding=\"async\" width=\"2048\" height=\"1536\" data-id=\"29242\" src=\"https:\/\/wrapcompliance.org\/wp-content\/uploads\/2023\/05\/slawe-scaled.jpg\" alt=\"\" class=\"wp-image-29242\" srcset=\"https:\/\/wrapcompliance.org\/wp-content\/uploads\/2023\/05\/slawe-scaled.jpg 2048w, https:\/\/wrapcompliance.org\/wp-content\/uploads\/2023\/05\/slawe-300x225.jpg 300w, https:\/\/wrapcompliance.org\/wp-content\/uploads\/2023\/05\/slawe-1024x768.jpg 1024w, https:\/\/wrapcompliance.org\/wp-content\/uploads\/2023\/05\/slawe-768x576.jpg 768w, https:\/\/wrapcompliance.org\/wp-content\/uploads\/2023\/05\/slawe-1536x1152.jpg 1536w, https:\/\/wrapcompliance.org\/wp-content\/uploads\/2023\/05\/slawe-16x12.jpg 16w, https:\/\/wrapcompliance.org\/wp-content\/uploads\/2023\/05\/slawe-2000x1500.jpg 2000w, https:\/\/wrapcompliance.org\/wp-content\/uploads\/2023\/05\/slawe-600x450.jpg 600w, https:\/\/wrapcompliance.org\/wp-content\/uploads\/2023\/05\/slawe-1000x750.jpg 1000w\" sizes=\"auto, (max-width: 2048px) 100vw, 2048px\" \/><\/figure>\n\n<figure  class=\"appear-on-scroll wp-block-image size-full\" ><img loading=\"lazy\" decoding=\"async\" width=\"600\" height=\"400\" data-id=\"29241\" src=\"https:\/\/wrapcompliance.org\/wp-content\/uploads\/2023\/05\/SJSummit3.webp\" alt=\"\" class=\"wp-image-29241\" srcset=\"https:\/\/wrapcompliance.org\/wp-content\/uploads\/2023\/05\/SJSummit3.webp 600w, https:\/\/wrapcompliance.org\/wp-content\/uploads\/2023\/05\/SJSummit3-300x200.webp 300w, https:\/\/wrapcompliance.org\/wp-content\/uploads\/2023\/05\/SJSummit3-18x12.webp 18w\" sizes=\"auto, (max-width: 600px) 100vw, 600px\" \/><\/figure><\/figure>","protected":false},"excerpt":{"rendered":"<p>WRAP&#8217;s President and CEO, Avedis Seferian, was a featured speaker at Sourcing Journal&#8217;s 2023 Sustainability Summit in New York. He joined a panel discussion on how the tragic collapse of Rana Plaza impacted the social compliance landscape and global discourse about human rights issues in supply chains. Learn more about the insights and personal testimonies [&hellip;]<\/p>\n","protected":false},"author":3,"featured_media":29241,"comment_status":"open","ping_status":"open","sticky":false,"template":"","format":"standard","meta":{"_acf_changed":false,"featured_image_background_position":"","hide_featured_image":true,"pinned":false,"footnotes":""},"categories":[304,956],"partner":[],"topic":[964,973,965,966],"taxonomy-author":[947],"class_list":["post-29240","post","type-post","status-publish","format-standard","has-post-thumbnail","hentry","category-events","category-resources","topic-due-diligence","topic-human-rights","topic-safety-and-health","topic-supply-chains","taxonomy-author-avedis-h-seferian"],"acf":[],"yoast_head":"<!-- This site is optimized with the Yoast SEO plugin v27.3 - https:\/\/yoast.com\/product\/yoast-seo-wordpress\/ -->\n<title>Panel discussion on cultural impact of Rana Plaza at 2023 Sustainability Summit - WRAP Compliance<\/title>\n<meta name=\"robots\" content=\"index, follow, max-snippet:-1, max-image-preview:large, max-video-preview:-1\" \/>\n<link rel=\"canonical\" href=\"https:\/\/wrapcompliance.org\/de\/panel-discussion-on-cultural-impact-of-rana-plaza-at-2023-sustainability-summit\/\" \/>\n<meta property=\"og:locale\" content=\"de_DE\" \/>\n<meta property=\"og:type\" content=\"article\" \/>\n<meta property=\"og:title\" content=\"Panel discussion on cultural impact of Rana Plaza at 2023 Sustainability Summit - WRAP Compliance\" \/>\n<meta property=\"og:description\" content=\"WRAP&#8217;s President and CEO, Avedis Seferian, was a featured speaker at Sourcing Journal&#8217;s 2023 Sustainability Summit in New York. He joined a panel discussion on how the tragic collapse of Rana Plaza impacted the social compliance landscape and global discourse about human rights issues in supply chains. Learn more about the insights and personal testimonies [&hellip;]\" \/>\n<meta property=\"og:url\" content=\"https:\/\/wrapcompliance.org\/de\/panel-discussion-on-cultural-impact-of-rana-plaza-at-2023-sustainability-summit\/\" \/>\n<meta property=\"og:site_name\" content=\"WRAP Compliance\" \/>\n<meta property=\"article:publisher\" content=\"https:\/\/www.facebook.com\/WRAPcompliance\/\" \/>\n<meta property=\"article:published_time\" content=\"2023-05-02T20:26:24+00:00\" \/>\n<meta property=\"article:modified_time\" content=\"2023-05-05T16:35:08+00:00\" \/>\n<meta property=\"og:image\" content=\"https:\/\/wrapcompliance.org\/wp-content\/uploads\/2023\/05\/IMG_1240-1-scaled.jpg\" \/>\n\t<meta property=\"og:image:width\" content=\"2560\" \/>\n\t<meta property=\"og:image:height\" content=\"1920\" \/>\n\t<meta property=\"og:image:type\" content=\"image\/jpeg\" \/>\n<meta name=\"author\" content=\"WRAP\" \/>\n<meta name=\"twitter:card\" content=\"summary_large_image\" \/>\n<meta name=\"twitter:image\" content=\"https:\/\/wrapcompliance.org\/wp-content\/uploads\/2023\/05\/IMG_1240-1-scaled.jpg\" \/>\n<meta name=\"twitter:creator\" content=\"@wrapcompliance\" \/>\n<meta name=\"twitter:site\" content=\"@wrapcompliance\" \/>\n<meta name=\"twitter:label1\" content=\"Verfasst von\" \/>\n\t<meta name=\"twitter:data1\" content=\"WRAP\" \/>\n\t<meta name=\"twitter:label2\" content=\"Gesch\u00e4tzte Lesezeit\" \/>\n\t<meta name=\"twitter:data2\" content=\"1 Minute\" \/>\n<script type=\"application\/ld+json\" class=\"yoast-schema-graph\">{\"@context\":\"https:\\\/\\\/schema.org\",\"@graph\":[{\"@type\":\"Article\",\"@id\":\"https:\\\/\\\/wrapcompliance.org\\\/panel-discussion-on-cultural-impact-of-rana-plaza-at-2023-sustainability-summit\\\/#article\",\"isPartOf\":{\"@id\":\"https:\\\/\\\/wrapcompliance.org\\\/panel-discussion-on-cultural-impact-of-rana-plaza-at-2023-sustainability-summit\\\/\"},\"author\":{\"name\":\"WRAP\",\"@id\":\"https:\\\/\\\/wrapcompliance.org\\\/en\\\/#\\\/schema\\\/person\\\/cc32b665716c7f17c9dab13010c85aab\"},\"headline\":\"Panel discussion on cultural impact of Rana Plaza at 2023 Sustainability Summit\",\"datePublished\":\"2023-05-02T20:26:24+00:00\",\"dateModified\":\"2023-05-05T16:35:08+00:00\",\"mainEntityOfPage\":{\"@id\":\"https:\\\/\\\/wrapcompliance.org\\\/panel-discussion-on-cultural-impact-of-rana-plaza-at-2023-sustainability-summit\\\/\"},\"wordCount\":77,\"commentCount\":0,\"publisher\":{\"@id\":\"https:\\\/\\\/wrapcompliance.org\\\/en\\\/#organization\"},\"image\":{\"@id\":\"https:\\\/\\\/wrapcompliance.org\\\/panel-discussion-on-cultural-impact-of-rana-plaza-at-2023-sustainability-summit\\\/#primaryimage\"},\"thumbnailUrl\":\"https:\\\/\\\/wrapcompliance.org\\\/wp-content\\\/uploads\\\/2023\\\/05\\\/SJSummit3.webp\",\"articleSection\":[\"Events\",\"Resources\"],\"inLanguage\":\"de-DE\",\"potentialAction\":[{\"@type\":\"CommentAction\",\"name\":\"Comment\",\"target\":[\"https:\\\/\\\/wrapcompliance.org\\\/panel-discussion-on-cultural-impact-of-rana-plaza-at-2023-sustainability-summit\\\/#respond\"]}]},{\"@type\":\"WebPage\",\"@id\":\"https:\\\/\\\/wrapcompliance.org\\\/panel-discussion-on-cultural-impact-of-rana-plaza-at-2023-sustainability-summit\\\/\",\"url\":\"https:\\\/\\\/wrapcompliance.org\\\/panel-discussion-on-cultural-impact-of-rana-plaza-at-2023-sustainability-summit\\\/\",\"name\":\"Panel discussion on cultural impact of Rana Plaza at 2023 Sustainability Summit - WRAP Compliance\",\"isPartOf\":{\"@id\":\"https:\\\/\\\/wrapcompliance.org\\\/en\\\/#website\"},\"primaryImageOfPage\":{\"@id\":\"https:\\\/\\\/wrapcompliance.org\\\/panel-discussion-on-cultural-impact-of-rana-plaza-at-2023-sustainability-summit\\\/#primaryimage\"},\"image\":{\"@id\":\"https:\\\/\\\/wrapcompliance.org\\\/panel-discussion-on-cultural-impact-of-rana-plaza-at-2023-sustainability-summit\\\/#primaryimage\"},\"thumbnailUrl\":\"https:\\\/\\\/wrapcompliance.org\\\/wp-content\\\/uploads\\\/2023\\\/05\\\/SJSummit3.webp\",\"datePublished\":\"2023-05-02T20:26:24+00:00\",\"dateModified\":\"2023-05-05T16:35:08+00:00\",\"breadcrumb\":{\"@id\":\"https:\\\/\\\/wrapcompliance.org\\\/panel-discussion-on-cultural-impact-of-rana-plaza-at-2023-sustainability-summit\\\/#breadcrumb\"},\"inLanguage\":\"de-DE\",\"potentialAction\":[{\"@type\":\"ReadAction\",\"target\":[\"https:\\\/\\\/wrapcompliance.org\\\/panel-discussion-on-cultural-impact-of-rana-plaza-at-2023-sustainability-summit\\\/\"]}]},{\"@type\":\"ImageObject\",\"inLanguage\":\"de-DE\",\"@id\":\"https:\\\/\\\/wrapcompliance.org\\\/panel-discussion-on-cultural-impact-of-rana-plaza-at-2023-sustainability-summit\\\/#primaryimage\",\"url\":\"https:\\\/\\\/wrapcompliance.org\\\/wp-content\\\/uploads\\\/2023\\\/05\\\/SJSummit3.webp\",\"contentUrl\":\"https:\\\/\\\/wrapcompliance.org\\\/wp-content\\\/uploads\\\/2023\\\/05\\\/SJSummit3.webp\",\"width\":600,\"height\":400},{\"@type\":\"BreadcrumbList\",\"@id\":\"https:\\\/\\\/wrapcompliance.org\\\/panel-discussion-on-cultural-impact-of-rana-plaza-at-2023-sustainability-summit\\\/#breadcrumb\",\"itemListElement\":[{\"@type\":\"ListItem\",\"position\":1,\"name\":\"Home\",\"item\":\"https:\\\/\\\/wrapcompliance.org\\\/\"},{\"@type\":\"ListItem\",\"position\":2,\"name\":\"Panel discussion on cultural impact of Rana Plaza at 2023 Sustainability Summit\"}]},{\"@type\":\"WebSite\",\"@id\":\"https:\\\/\\\/wrapcompliance.org\\\/en\\\/#website\",\"url\":\"https:\\\/\\\/wrapcompliance.org\\\/en\\\/\",\"name\":\"WRAP Compliance\",\"description\":\"Ensuring production facilities operate in a safe, responsible, and ethical way. Through our 12 Principles, we promote lawful, humane manufacturing in facilities throughout the world via our Certification and Training programs.\",\"publisher\":{\"@id\":\"https:\\\/\\\/wrapcompliance.org\\\/en\\\/#organization\"},\"potentialAction\":[{\"@type\":\"SearchAction\",\"target\":{\"@type\":\"EntryPoint\",\"urlTemplate\":\"https:\\\/\\\/wrapcompliance.org\\\/en\\\/?s={search_term_string}\"},\"query-input\":{\"@type\":\"PropertyValueSpecification\",\"valueRequired\":true,\"valueName\":\"search_term_string\"}}],\"inLanguage\":\"de-DE\"},{\"@type\":\"Organization\",\"@id\":\"https:\\\/\\\/wrapcompliance.org\\\/en\\\/#organization\",\"name\":\"Worldwide Responsible Accredited Production\",\"alternateName\":\"WRAP Compliance\",\"url\":\"https:\\\/\\\/wrapcompliance.org\\\/en\\\/\",\"logo\":{\"@type\":\"ImageObject\",\"inLanguage\":\"de-DE\",\"@id\":\"https:\\\/\\\/wrapcompliance.org\\\/en\\\/#\\\/schema\\\/logo\\\/image\\\/\",\"url\":\"https:\\\/\\\/wrapcompliance.org\\\/wp-content\\\/uploads\\\/2022\\\/03\\\/WRAP_Logo_Update_Color_RGB.png\",\"contentUrl\":\"https:\\\/\\\/wrapcompliance.org\\\/wp-content\\\/uploads\\\/2022\\\/03\\\/WRAP_Logo_Update_Color_RGB.png\",\"width\":3601,\"height\":3451,\"caption\":\"Worldwide Responsible Accredited Production\"},\"image\":{\"@id\":\"https:\\\/\\\/wrapcompliance.org\\\/en\\\/#\\\/schema\\\/logo\\\/image\\\/\"},\"sameAs\":[\"https:\\\/\\\/www.facebook.com\\\/WRAPcompliance\\\/\",\"https:\\\/\\\/x.com\\\/wrapcompliance\",\"https:\\\/\\\/www.linkedin.com\\\/company\\\/wrapcompliance\"]},{\"@type\":\"Person\",\"@id\":\"https:\\\/\\\/wrapcompliance.org\\\/en\\\/#\\\/schema\\\/person\\\/cc32b665716c7f17c9dab13010c85aab\",\"name\":\"WRAP\",\"image\":{\"@type\":\"ImageObject\",\"inLanguage\":\"de-DE\",\"@id\":\"https:\\\/\\\/secure.gravatar.com\\\/avatar\\\/addc8a35a212daf9ed8aad6e6933dd0530f5ba6e2472abe14295d01da27fe14a?s=96&d=mm&r=g\",\"url\":\"https:\\\/\\\/secure.gravatar.com\\\/avatar\\\/addc8a35a212daf9ed8aad6e6933dd0530f5ba6e2472abe14295d01da27fe14a?s=96&d=mm&r=g\",\"contentUrl\":\"https:\\\/\\\/secure.gravatar.com\\\/avatar\\\/addc8a35a212daf9ed8aad6e6933dd0530f5ba6e2472abe14295d01da27fe14a?s=96&d=mm&r=g\",\"caption\":\"WRAP\"},\"description\":\"WRAP is an independent, objective, non-profit team of global social compliance experts dedicated to promoting safe, lawful, humane, and ethical manufacturing around the world through certification and education.\",\"url\":\"https:\\\/\\\/wrapcompliance.org\\\/de\\\/author\\\/wrap\\\/\"}]}<\/script>\n<!-- \/ Yoast SEO plugin. -->","yoast_head_json":{"title":"Podiumsdiskussion \u00fcber die kulturellen Auswirkungen von Rana Plaza beim Nachhaltigkeitsgipfel 2023 - WRAP Compliance","robots":{"index":"index","follow":"follow","max-snippet":"max-snippet:-1","max-image-preview":"max-image-preview:large","max-video-preview":"max-video-preview:-1"},"canonical":"https:\/\/wrapcompliance.org\/de\/panel-discussion-on-cultural-impact-of-rana-plaza-at-2023-sustainability-summit\/","og_locale":"de_DE","og_type":"article","og_title":"Panel discussion on cultural impact of Rana Plaza at 2023 Sustainability Summit - WRAP Compliance","og_description":"WRAP&#8217;s President and CEO, Avedis Seferian, was a featured speaker at Sourcing Journal&#8217;s 2023 Sustainability Summit in New York. He joined a panel discussion on how the tragic collapse of Rana Plaza impacted the social compliance landscape and global discourse about human rights issues in supply chains. Learn more about the insights and personal testimonies [&hellip;]","og_url":"https:\/\/wrapcompliance.org\/de\/panel-discussion-on-cultural-impact-of-rana-plaza-at-2023-sustainability-summit\/","og_site_name":"WRAP Compliance","article_publisher":"https:\/\/www.facebook.com\/WRAPcompliance\/","article_published_time":"2023-05-02T20:26:24+00:00","article_modified_time":"2023-05-05T16:35:08+00:00","og_image":[{"width":2560,"height":1920,"url":"https:\/\/wrapcompliance.org\/wp-content\/uploads\/2023\/05\/IMG_1240-1-scaled.jpg","type":"image\/jpeg"}],"author":"WRAP","twitter_card":"summary_large_image","twitter_image":"https:\/\/wrapcompliance.org\/wp-content\/uploads\/2023\/05\/IMG_1240-1-scaled.jpg","twitter_creator":"@wrapcompliance","twitter_site":"@wrapcompliance","twitter_misc":{"Verfasst von":"WRAP","Gesch\u00e4tzte Lesezeit":"1 Minute"},"schema":{"@context":"https:\/\/schema.org","@graph":[{"@type":"Article","@id":"https:\/\/wrapcompliance.org\/panel-discussion-on-cultural-impact-of-rana-plaza-at-2023-sustainability-summit\/#article","isPartOf":{"@id":"https:\/\/wrapcompliance.org\/panel-discussion-on-cultural-impact-of-rana-plaza-at-2023-sustainability-summit\/"},"author":{"name":"WRAP","@id":"https:\/\/wrapcompliance.org\/en\/#\/schema\/person\/cc32b665716c7f17c9dab13010c85aab"},"headline":"Panel discussion on cultural impact of Rana Plaza at 2023 Sustainability Summit","datePublished":"2023-05-02T20:26:24+00:00","dateModified":"2023-05-05T16:35:08+00:00","mainEntityOfPage":{"@id":"https:\/\/wrapcompliance.org\/panel-discussion-on-cultural-impact-of-rana-plaza-at-2023-sustainability-summit\/"},"wordCount":77,"commentCount":0,"publisher":{"@id":"https:\/\/wrapcompliance.org\/en\/#organization"},"image":{"@id":"https:\/\/wrapcompliance.org\/panel-discussion-on-cultural-impact-of-rana-plaza-at-2023-sustainability-summit\/#primaryimage"},"thumbnailUrl":"https:\/\/wrapcompliance.org\/wp-content\/uploads\/2023\/05\/SJSummit3.webp","articleSection":["Events","Resources"],"inLanguage":"de-DE","potentialAction":[{"@type":"CommentAction","name":"Comment","target":["https:\/\/wrapcompliance.org\/panel-discussion-on-cultural-impact-of-rana-plaza-at-2023-sustainability-summit\/#respond"]}]},{"@type":"WebPage","@id":"https:\/\/wrapcompliance.org\/panel-discussion-on-cultural-impact-of-rana-plaza-at-2023-sustainability-summit\/","url":"https:\/\/wrapcompliance.org\/panel-discussion-on-cultural-impact-of-rana-plaza-at-2023-sustainability-summit\/","name":"Podiumsdiskussion \u00fcber die kulturellen Auswirkungen von Rana Plaza beim Nachhaltigkeitsgipfel 2023 - WRAP Compliance","isPartOf":{"@id":"https:\/\/wrapcompliance.org\/en\/#website"},"primaryImageOfPage":{"@id":"https:\/\/wrapcompliance.org\/panel-discussion-on-cultural-impact-of-rana-plaza-at-2023-sustainability-summit\/#primaryimage"},"image":{"@id":"https:\/\/wrapcompliance.org\/panel-discussion-on-cultural-impact-of-rana-plaza-at-2023-sustainability-summit\/#primaryimage"},"thumbnailUrl":"https:\/\/wrapcompliance.org\/wp-content\/uploads\/2023\/05\/SJSummit3.webp","datePublished":"2023-05-02T20:26:24+00:00","dateModified":"2023-05-05T16:35:08+00:00","breadcrumb":{"@id":"https:\/\/wrapcompliance.org\/panel-discussion-on-cultural-impact-of-rana-plaza-at-2023-sustainability-summit\/#breadcrumb"},"inLanguage":"de-DE","potentialAction":[{"@type":"ReadAction","target":["https:\/\/wrapcompliance.org\/panel-discussion-on-cultural-impact-of-rana-plaza-at-2023-sustainability-summit\/"]}]},{"@type":"ImageObject","inLanguage":"de-DE","@id":"https:\/\/wrapcompliance.org\/panel-discussion-on-cultural-impact-of-rana-plaza-at-2023-sustainability-summit\/#primaryimage","url":"https:\/\/wrapcompliance.org\/wp-content\/uploads\/2023\/05\/SJSummit3.webp","contentUrl":"https:\/\/wrapcompliance.org\/wp-content\/uploads\/2023\/05\/SJSummit3.webp","width":600,"height":400},{"@type":"BreadcrumbList","@id":"https:\/\/wrapcompliance.org\/panel-discussion-on-cultural-impact-of-rana-plaza-at-2023-sustainability-summit\/#breadcrumb","itemListElement":[{"@type":"ListItem","position":1,"name":"Home","item":"https:\/\/wrapcompliance.org\/"},{"@type":"ListItem","position":2,"name":"Panel discussion on cultural impact of Rana Plaza at 2023 Sustainability Summit"}]},{"@type":"WebSite","@id":"https:\/\/wrapcompliance.org\/en\/#website","url":"https:\/\/wrapcompliance.org\/en\/","name":"WRAP-Konformit\u00e4t","description":"Gew\u00e4hrleistung eines sicheren, verantwortungsvollen und ethischen Betriebs der Produktionsanlagen. Durch unsere 12 Prinzipien f\u00f6rdern wir \u00fcber unsere Zertifizierungs- und Schulungsprogramme eine rechtm\u00e4\u00dfige, humane Herstellung in Anlagen auf der ganzen Welt.","publisher":{"@id":"https:\/\/wrapcompliance.org\/en\/#organization"},"potentialAction":[{"@type":"SearchAction","target":{"@type":"EntryPoint","urlTemplate":"https:\/\/wrapcompliance.org\/en\/?s={search_term_string}"},"query-input":{"@type":"PropertyValueSpecification","valueRequired":true,"valueName":"search_term_string"}}],"inLanguage":"de-DE"},{"@type":"Organization","@id":"https:\/\/wrapcompliance.org\/en\/#organization","name":"Weltweit verantwortungsvolle, akkreditierte Produktion","alternateName":"WRAP Compliance","url":"https:\/\/wrapcompliance.org\/en\/","logo":{"@type":"ImageObject","inLanguage":"de-DE","@id":"https:\/\/wrapcompliance.org\/en\/#\/schema\/logo\/image\/","url":"https:\/\/wrapcompliance.org\/wp-content\/uploads\/2022\/03\/WRAP_Logo_Update_Color_RGB.png","contentUrl":"https:\/\/wrapcompliance.org\/wp-content\/uploads\/2022\/03\/WRAP_Logo_Update_Color_RGB.png","width":3601,"height":3451,"caption":"Worldwide Responsible Accredited Production"},"image":{"@id":"https:\/\/wrapcompliance.org\/en\/#\/schema\/logo\/image\/"},"sameAs":["https:\/\/www.facebook.com\/WRAPcompliance\/","https:\/\/x.com\/wrapcompliance","https:\/\/www.linkedin.com\/company\/wrapcompliance"]},{"@type":"Person","@id":"https:\/\/wrapcompliance.org\/en\/#\/schema\/person\/cc32b665716c7f17c9dab13010c85aab","name":"WICKELN","image":{"@type":"ImageObject","inLanguage":"de-DE","@id":"https:\/\/secure.gravatar.com\/avatar\/addc8a35a212daf9ed8aad6e6933dd0530f5ba6e2472abe14295d01da27fe14a?s=96&d=mm&r=g","url":"https:\/\/secure.gravatar.com\/avatar\/addc8a35a212daf9ed8aad6e6933dd0530f5ba6e2472abe14295d01da27fe14a?s=96&d=mm&r=g","contentUrl":"https:\/\/secure.gravatar.com\/avatar\/addc8a35a212daf9ed8aad6e6933dd0530f5ba6e2472abe14295d01da27fe14a?s=96&d=mm&r=g","caption":"WRAP"},"description":"WRAP ist ein unabh\u00e4ngiges, objektives, gemeinn\u00fctziges Team globaler Experten f\u00fcr soziale Compliance, das sich durch Zertifizierung und Schulung der F\u00f6rderung einer sicheren, rechtm\u00e4\u00dfigen, humanen und ethischen Produktion auf der ganzen Welt widmet.","url":"https:\/\/wrapcompliance.org\/de\/author\/wrap\/"}]}},"rendered-html":"<div class=\"excerpt clickable post-29240 post type-post status-publish format-standard has-post-thumbnail hentry category-events category-resources topic-due-diligence topic-human-rights topic-safety-and-health topic-supply-chains taxonomy-author-avedis-h-seferian\" data-href=\"https:\/\/wrapcompliance.org\/de\/panel-discussion-on-cultural-impact-of-rana-plaza-at-2023-sustainability-summit\/\">\n<a href=\"https:\/\/wrapcompliance.org\/de\/panel-discussion-on-cultural-impact-of-rana-plaza-at-2023-sustainability-summit\/\" aria-label=\"Panel discussion on cultural impact of Rana Plaza at 2023 Sustainability Summit\" class=\"thumbnail\"><img width=\"600\" height=\"400\" src=\"https:\/\/wrapcompliance.org\/wp-content\/uploads\/2023\/05\/SJSummit3.webp\" class=\"attachment-post-thumb size-post-thumb\" alt=\"\" style=\"\" decoding=\"async\" loading=\"lazy\" srcset=\"https:\/\/wrapcompliance.org\/wp-content\/uploads\/2023\/05\/SJSummit3.webp 600w, https:\/\/wrapcompliance.org\/wp-content\/uploads\/2023\/05\/SJSummit3-300x200.webp 300w, https:\/\/wrapcompliance.org\/wp-content\/uploads\/2023\/05\/SJSummit3-18x12.webp 18w\" sizes=\"auto, (max-width: 600px) 100vw, 600px\" \/><\/a>\n<h3 class=\"title\"><a href=\"https:\/\/wrapcompliance.org\/de\/panel-discussion-on-cultural-impact-of-rana-plaza-at-2023-sustainability-summit\/\">Panel discussion on cultural impact of Rana Plaza at 2023 Sustainability Summit<\/a><\/h3>\n<div class=\"content\"><p>WRAP&#8217;s President and CEO, Avedis Seferian, was a featured speaker at Sourcing Journal&#8217;s 2023 Sustainability Summit in New York. He joined a panel discussion on how the tragic collapse of Rana Plaza impacted the social compliance landscape and global discourse about human rights issues in supply chains. Learn more about the insights and personal testimonies [&hellip;]<\/p>\n<\/div><a href=\"https:\/\/wrapcompliance.org\/de\/panel-discussion-on-cultural-impact-of-rana-plaza-at-2023-sustainability-summit\/\" class=\"more\" aria-label=\"Read More\"><svg class=\"icon svg-icon icon-arrow-right \"><use xlink:href=\"https:\/\/wrapcompliance.org\/wp-content\/themes\/wrapcompliance\/images\/icons.svg#icon-arrow-right\"><\/use><\/svg><\/a>\n<\/div>","_links":{"self":[{"href":"https:\/\/wrapcompliance.org\/de\/wp-json\/wp\/v2\/posts\/29240","targetHints":{"allow":["GET"]}}],"collection":[{"href":"https:\/\/wrapcompliance.org\/de\/wp-json\/wp\/v2\/posts"}],"about":[{"href":"https:\/\/wrapcompliance.org\/de\/wp-json\/wp\/v2\/types\/post"}],"author":[{"embeddable":true,"href":"https:\/\/wrapcompliance.org\/de\/wp-json\/wp\/v2\/users\/3"}],"replies":[{"embeddable":true,"href":"https:\/\/wrapcompliance.org\/de\/wp-json\/wp\/v2\/comments?post=29240"}],"version-history":[{"count":0,"href":"https:\/\/wrapcompliance.org\/de\/wp-json\/wp\/v2\/posts\/29240\/revisions"}],"wp:featuredmedia":[{"embeddable":true,"href":"https:\/\/wrapcompliance.org\/de\/wp-json\/wp\/v2\/media\/29241"}],"wp:attachment":[{"href":"https:\/\/wrapcompliance.org\/de\/wp-json\/wp\/v2\/media?parent=29240"}],"wp:term":[{"taxonomy":"category","embeddable":true,"href":"https:\/\/wrapcompliance.org\/de\/wp-json\/wp\/v2\/categories?post=29240"},{"taxonomy":"partner","embeddable":true,"href":"https:\/\/wrapcompliance.org\/de\/wp-json\/wp\/v2\/partner?post=29240"},{"taxonomy":"topic","embeddable":true,"href":"https:\/\/wrapcompliance.org\/de\/wp-json\/wp\/v2\/topic?post=29240"},{"taxonomy":"taxonomy-author","embeddable":true,"href":"https:\/\/wrapcompliance.org\/de\/wp-json\/wp\/v2\/taxonomy-author?post=29240"}],"curies":[{"name":"wp","href":"https:\/\/api.w.org\/{rel}","templated":true}]}}