{"id":29440,"date":"2023-05-18T13:46:06","date_gmt":"2023-05-18T17:46:06","guid":{"rendered":"https:\/\/wrapcompliance.org\/?p=29440"},"modified":"2023-05-18T13:55:25","modified_gmt":"2023-05-18T17:55:25","slug":"sustainable-apparel-and-textiles-conference-usa","status":"publish","type":"post","link":"https:\/\/wrapcompliance.org\/es\/sustainable-apparel-and-textiles-conference-usa\/","title":{"rendered":"Conferencia sobre prendas y textiles sostenibles"},"content":{"rendered":"<p class=\"appear-on-scroll\"><strong>Mi\u00e9rcoles 21 de junio de 2023<br><\/strong>3:30 \u2013 4:15 pm ET<\/p>\n\n<p class=\"appear-on-scroll\"><strong>Centro de Educaci\u00f3n Ejecutiva de Verizon <\/strong>(Tecnolog\u00eda de Cornell)<br>2W Loop Rd.<br>Ciudad de Nueva York, NY. 10044<\/p>\n\n\n<div style=\"height:15px\" aria-hidden=\"true\" class=\"wp-block-spacer\"><\/div>\n\n\n<p class=\"appear-on-scroll\">El presidente y director ejecutivo de WRAP, Avedis Seferian, ser\u00e1 uno de los ponentes destacados de la conferencia de dos d\u00edas del Foro de Innovaci\u00f3n en Nueva York. Su sesi\u00f3n explorar\u00e1 c\u00f3mo las normas de cumplimiento social pueden alinearse para combatir la fatiga de auditor\u00edas y fortalecer las condiciones laborales en las instalaciones. <\/p>\n\n<div  class=\"appear-on-scroll wp-block-buttons is-layout-flex wp-block-buttons-is-layout-flex\" >\n<div class=\"wp-block-button\"><a class=\"wp-block-button__link wp-element-button\" href=\"https:\/\/www.innovationforum.co.uk\/conferences\/sustainable-apparel-and-textiles-conference-usa\" target=\"_blank\" rel=\"noreferrer noopener\"><span class=\"label\">registro<\/span><\/a><\/div>\n<\/div>\n\n<figure  class=\"appear-on-scroll wp-block-image size-large\" ><img loading=\"lazy\" decoding=\"async\" width=\"1024\" height=\"536\" src=\"https:\/\/wrapcompliance.org\/wp-content\/uploads\/2023\/05\/AEU_1.B9_Social-compliance-1024x536.jpg\" alt=\"\" class=\"wp-image-29441\" srcset=\"https:\/\/wrapcompliance.org\/wp-content\/uploads\/2023\/05\/AEU_1.B9_Social-compliance-1024x536.jpg 1024w, https:\/\/wrapcompliance.org\/wp-content\/uploads\/2023\/05\/AEU_1.B9_Social-compliance-300x157.jpg 300w, https:\/\/wrapcompliance.org\/wp-content\/uploads\/2023\/05\/AEU_1.B9_Social-compliance-768x402.jpg 768w, https:\/\/wrapcompliance.org\/wp-content\/uploads\/2023\/05\/AEU_1.B9_Social-compliance-1536x803.jpg 1536w, https:\/\/wrapcompliance.org\/wp-content\/uploads\/2023\/05\/AEU_1.B9_Social-compliance-18x9.jpg 18w, https:\/\/wrapcompliance.org\/wp-content\/uploads\/2023\/05\/AEU_1.B9_Social-compliance-600x314.jpg 600w, https:\/\/wrapcompliance.org\/wp-content\/uploads\/2023\/05\/AEU_1.B9_Social-compliance-1000x523.jpg 1000w, https:\/\/wrapcompliance.org\/wp-content\/uploads\/2023\/05\/AEU_1.B9_Social-compliance.jpg 1801w\" sizes=\"auto, (max-width: 1024px) 100vw, 1024px\" \/><\/figure>","protected":false},"excerpt":{"rendered":"<p>Wednesday, June 21, 20233:30 \u2013 4:15 p.m. ET Verizon Executive Education Center (Cornell Tech)2 W Loop Rd.New York City, NY. 10044 WRAP&#8217;s President and CEO, Avedis Seferian, will be a featured speaker at Innovation Forum&#8217;s two-day conference in New York. His session will explore how social compliance standards can align to tackle audit fatigue and [&hellip;]<\/p>\n","protected":false},"author":3,"featured_media":0,"comment_status":"open","ping_status":"open","sticky":false,"template":"","format":"standard","meta":{"_acf_changed":false,"featured_image_background_position":"","hide_featured_image":false,"pinned":false,"footnotes":""},"categories":[304],"partner":[],"topic":[925,924,966],"taxonomy-author":[947],"class_list":["post-29440","post","type-post","status-publish","format-standard","hentry","category-events","topic-audits","topic-certification","topic-supply-chains","taxonomy-author-avedis-h-seferian"],"acf":[],"yoast_head":"<!-- This site is optimized with the Yoast SEO plugin v27.4 - https:\/\/yoast.com\/product\/yoast-seo-wordpress\/ -->\n<title>Sustainable Apparel and Textiles Conference - WRAP Compliance<\/title>\n<meta name=\"robots\" content=\"index, follow, max-snippet:-1, max-image-preview:large, max-video-preview:-1\" \/>\n<link rel=\"canonical\" href=\"https:\/\/wrapcompliance.org\/es\/sustainable-apparel-and-textiles-conference-usa\/\" \/>\n<meta property=\"og:locale\" content=\"es_ES\" \/>\n<meta property=\"og:type\" content=\"article\" \/>\n<meta property=\"og:title\" content=\"Sustainable Apparel and Textiles Conference - WRAP Compliance\" \/>\n<meta property=\"og:description\" content=\"Wednesday, June 21, 20233:30 \u2013 4:15 p.m. ET Verizon Executive Education Center (Cornell Tech)2 W Loop Rd.New York City, NY. 10044 WRAP&#8217;s President and CEO, Avedis Seferian, will be a featured speaker at Innovation Forum&#8217;s two-day conference in New York. His session will explore how social compliance standards can align to tackle audit fatigue and [&hellip;]\" \/>\n<meta property=\"og:url\" content=\"https:\/\/wrapcompliance.org\/es\/sustainable-apparel-and-textiles-conference-usa\/\" \/>\n<meta property=\"og:site_name\" content=\"WRAP Compliance\" \/>\n<meta property=\"article:publisher\" content=\"https:\/\/www.facebook.com\/WRAPcompliance\/\" \/>\n<meta property=\"article:published_time\" content=\"2023-05-18T17:46:06+00:00\" \/>\n<meta property=\"article:modified_time\" content=\"2023-05-18T17:55:25+00:00\" \/>\n<meta property=\"og:image\" content=\"https:\/\/wrapcompliance.org\/wp-content\/uploads\/2023\/05\/AEU_1.B9_Social-compliance.jpg\" \/>\n\t<meta property=\"og:image:width\" content=\"1801\" \/>\n\t<meta property=\"og:image:height\" content=\"942\" \/>\n\t<meta property=\"og:image:type\" content=\"image\/jpeg\" \/>\n<meta name=\"author\" content=\"WRAP\" \/>\n<meta name=\"twitter:card\" content=\"summary_large_image\" \/>\n<meta name=\"twitter:image\" content=\"https:\/\/wrapcompliance.org\/wp-content\/uploads\/2023\/05\/AEU_1.B9_Social-compliance.jpg\" \/>\n<meta name=\"twitter:creator\" content=\"@wrapcompliance\" \/>\n<meta name=\"twitter:site\" content=\"@wrapcompliance\" \/>\n<meta name=\"twitter:label1\" content=\"Escrito por\" \/>\n\t<meta name=\"twitter:data1\" content=\"WRAP\" \/>\n\t<meta name=\"twitter:label2\" content=\"Tiempo de lectura\" \/>\n\t<meta name=\"twitter:data2\" content=\"1 minuto\" \/>\n<script type=\"application\/ld+json\" class=\"yoast-schema-graph\">{\"@context\":\"https:\\\/\\\/schema.org\",\"@graph\":[{\"@type\":\"Article\",\"@id\":\"https:\\\/\\\/wrapcompliance.org\\\/sustainable-apparel-and-textiles-conference-usa\\\/#article\",\"isPartOf\":{\"@id\":\"https:\\\/\\\/wrapcompliance.org\\\/sustainable-apparel-and-textiles-conference-usa\\\/\"},\"author\":{\"name\":\"WRAP\",\"@id\":\"https:\\\/\\\/wrapcompliance.org\\\/en\\\/#\\\/schema\\\/person\\\/cc32b665716c7f17c9dab13010c85aab\"},\"headline\":\"Sustainable Apparel and Textiles Conference\",\"datePublished\":\"2023-05-18T17:46:06+00:00\",\"dateModified\":\"2023-05-18T17:55:25+00:00\",\"mainEntityOfPage\":{\"@id\":\"https:\\\/\\\/wrapcompliance.org\\\/sustainable-apparel-and-textiles-conference-usa\\\/\"},\"wordCount\":65,\"commentCount\":0,\"publisher\":{\"@id\":\"https:\\\/\\\/wrapcompliance.org\\\/en\\\/#organization\"},\"image\":{\"@id\":\"https:\\\/\\\/wrapcompliance.org\\\/sustainable-apparel-and-textiles-conference-usa\\\/#primaryimage\"},\"thumbnailUrl\":\"https:\\\/\\\/wrapcompliance.org\\\/wp-content\\\/uploads\\\/2023\\\/05\\\/AEU_1.B9_Social-compliance-1024x536.jpg\",\"articleSection\":[\"Events\"],\"inLanguage\":\"es\",\"potentialAction\":[{\"@type\":\"CommentAction\",\"name\":\"Comment\",\"target\":[\"https:\\\/\\\/wrapcompliance.org\\\/sustainable-apparel-and-textiles-conference-usa\\\/#respond\"]}]},{\"@type\":\"WebPage\",\"@id\":\"https:\\\/\\\/wrapcompliance.org\\\/sustainable-apparel-and-textiles-conference-usa\\\/\",\"url\":\"https:\\\/\\\/wrapcompliance.org\\\/sustainable-apparel-and-textiles-conference-usa\\\/\",\"name\":\"Sustainable Apparel and Textiles Conference - WRAP Compliance\",\"isPartOf\":{\"@id\":\"https:\\\/\\\/wrapcompliance.org\\\/en\\\/#website\"},\"primaryImageOfPage\":{\"@id\":\"https:\\\/\\\/wrapcompliance.org\\\/sustainable-apparel-and-textiles-conference-usa\\\/#primaryimage\"},\"image\":{\"@id\":\"https:\\\/\\\/wrapcompliance.org\\\/sustainable-apparel-and-textiles-conference-usa\\\/#primaryimage\"},\"thumbnailUrl\":\"https:\\\/\\\/wrapcompliance.org\\\/wp-content\\\/uploads\\\/2023\\\/05\\\/AEU_1.B9_Social-compliance-1024x536.jpg\",\"datePublished\":\"2023-05-18T17:46:06+00:00\",\"dateModified\":\"2023-05-18T17:55:25+00:00\",\"breadcrumb\":{\"@id\":\"https:\\\/\\\/wrapcompliance.org\\\/sustainable-apparel-and-textiles-conference-usa\\\/#breadcrumb\"},\"inLanguage\":\"es\",\"potentialAction\":[{\"@type\":\"ReadAction\",\"target\":[\"https:\\\/\\\/wrapcompliance.org\\\/sustainable-apparel-and-textiles-conference-usa\\\/\"]}]},{\"@type\":\"ImageObject\",\"inLanguage\":\"es\",\"@id\":\"https:\\\/\\\/wrapcompliance.org\\\/sustainable-apparel-and-textiles-conference-usa\\\/#primaryimage\",\"url\":\"https:\\\/\\\/wrapcompliance.org\\\/wp-content\\\/uploads\\\/2023\\\/05\\\/AEU_1.B9_Social-compliance-1024x536.jpg\",\"contentUrl\":\"https:\\\/\\\/wrapcompliance.org\\\/wp-content\\\/uploads\\\/2023\\\/05\\\/AEU_1.B9_Social-compliance-1024x536.jpg\"},{\"@type\":\"BreadcrumbList\",\"@id\":\"https:\\\/\\\/wrapcompliance.org\\\/sustainable-apparel-and-textiles-conference-usa\\\/#breadcrumb\",\"itemListElement\":[{\"@type\":\"ListItem\",\"position\":1,\"name\":\"Home\",\"item\":\"https:\\\/\\\/wrapcompliance.org\\\/\"},{\"@type\":\"ListItem\",\"position\":2,\"name\":\"Sustainable Apparel and Textiles Conference\"}]},{\"@type\":\"WebSite\",\"@id\":\"https:\\\/\\\/wrapcompliance.org\\\/en\\\/#website\",\"url\":\"https:\\\/\\\/wrapcompliance.org\\\/en\\\/\",\"name\":\"WRAP Compliance\",\"description\":\"Ensuring production facilities operate in a safe, responsible, and ethical way. Through our 12 Principles, we promote lawful, humane manufacturing in facilities throughout the world via our Certification and Training programs.\",\"publisher\":{\"@id\":\"https:\\\/\\\/wrapcompliance.org\\\/en\\\/#organization\"},\"potentialAction\":[{\"@type\":\"SearchAction\",\"target\":{\"@type\":\"EntryPoint\",\"urlTemplate\":\"https:\\\/\\\/wrapcompliance.org\\\/en\\\/?s={search_term_string}\"},\"query-input\":{\"@type\":\"PropertyValueSpecification\",\"valueRequired\":true,\"valueName\":\"search_term_string\"}}],\"inLanguage\":\"es\"},{\"@type\":\"Organization\",\"@id\":\"https:\\\/\\\/wrapcompliance.org\\\/en\\\/#organization\",\"name\":\"Worldwide Responsible Accredited Production\",\"alternateName\":\"WRAP Compliance\",\"url\":\"https:\\\/\\\/wrapcompliance.org\\\/en\\\/\",\"logo\":{\"@type\":\"ImageObject\",\"inLanguage\":\"es\",\"@id\":\"https:\\\/\\\/wrapcompliance.org\\\/en\\\/#\\\/schema\\\/logo\\\/image\\\/\",\"url\":\"https:\\\/\\\/wrapcompliance.org\\\/wp-content\\\/uploads\\\/2022\\\/03\\\/WRAP_Logo_Update_Color_RGB.png\",\"contentUrl\":\"https:\\\/\\\/wrapcompliance.org\\\/wp-content\\\/uploads\\\/2022\\\/03\\\/WRAP_Logo_Update_Color_RGB.png\",\"width\":3601,\"height\":3451,\"caption\":\"Worldwide Responsible Accredited Production\"},\"image\":{\"@id\":\"https:\\\/\\\/wrapcompliance.org\\\/en\\\/#\\\/schema\\\/logo\\\/image\\\/\"},\"sameAs\":[\"https:\\\/\\\/www.facebook.com\\\/WRAPcompliance\\\/\",\"https:\\\/\\\/x.com\\\/wrapcompliance\",\"https:\\\/\\\/www.linkedin.com\\\/company\\\/wrapcompliance\"]},{\"@type\":\"Person\",\"@id\":\"https:\\\/\\\/wrapcompliance.org\\\/en\\\/#\\\/schema\\\/person\\\/cc32b665716c7f17c9dab13010c85aab\",\"name\":\"WRAP\",\"image\":{\"@type\":\"ImageObject\",\"inLanguage\":\"es\",\"@id\":\"https:\\\/\\\/secure.gravatar.com\\\/avatar\\\/addc8a35a212daf9ed8aad6e6933dd0530f5ba6e2472abe14295d01da27fe14a?s=96&d=mm&r=g\",\"url\":\"https:\\\/\\\/secure.gravatar.com\\\/avatar\\\/addc8a35a212daf9ed8aad6e6933dd0530f5ba6e2472abe14295d01da27fe14a?s=96&d=mm&r=g\",\"contentUrl\":\"https:\\\/\\\/secure.gravatar.com\\\/avatar\\\/addc8a35a212daf9ed8aad6e6933dd0530f5ba6e2472abe14295d01da27fe14a?s=96&d=mm&r=g\",\"caption\":\"WRAP\"},\"description\":\"WRAP is an independent, objective, non-profit team of global social compliance experts dedicated to promoting safe, lawful, humane, and ethical manufacturing around the world through certification and education.\",\"url\":\"https:\\\/\\\/wrapcompliance.org\\\/es\\\/author\\\/wrap\\\/\"}]}<\/script>\n<!-- \/ Yoast SEO plugin. -->","yoast_head_json":{"title":"Conferencia sobre textiles y prendas sostenibles - Cumplimiento de WRAP","robots":{"index":"index","follow":"follow","max-snippet":"max-snippet:-1","max-image-preview":"max-image-preview:large","max-video-preview":"max-video-preview:-1"},"canonical":"https:\/\/wrapcompliance.org\/es\/sustainable-apparel-and-textiles-conference-usa\/","og_locale":"es_ES","og_type":"article","og_title":"Sustainable Apparel and Textiles Conference - WRAP Compliance","og_description":"Wednesday, June 21, 20233:30 \u2013 4:15 p.m. ET Verizon Executive Education Center (Cornell Tech)2 W Loop Rd.New York City, NY. 10044 WRAP&#8217;s President and CEO, Avedis Seferian, will be a featured speaker at Innovation Forum&#8217;s two-day conference in New York. His session will explore how social compliance standards can align to tackle audit fatigue and [&hellip;]","og_url":"https:\/\/wrapcompliance.org\/es\/sustainable-apparel-and-textiles-conference-usa\/","og_site_name":"WRAP Compliance","article_publisher":"https:\/\/www.facebook.com\/WRAPcompliance\/","article_published_time":"2023-05-18T17:46:06+00:00","article_modified_time":"2023-05-18T17:55:25+00:00","og_image":[{"width":1801,"height":942,"url":"https:\/\/wrapcompliance.org\/wp-content\/uploads\/2023\/05\/AEU_1.B9_Social-compliance.jpg","type":"image\/jpeg"}],"author":"WRAP","twitter_card":"summary_large_image","twitter_image":"https:\/\/wrapcompliance.org\/wp-content\/uploads\/2023\/05\/AEU_1.B9_Social-compliance.jpg","twitter_creator":"@wrapcompliance","twitter_site":"@wrapcompliance","twitter_misc":{"Escrito por":"WRAP","Tiempo de lectura":"1 minuto"},"schema":{"@context":"https:\/\/schema.org","@graph":[{"@type":"Article","@id":"https:\/\/wrapcompliance.org\/sustainable-apparel-and-textiles-conference-usa\/#article","isPartOf":{"@id":"https:\/\/wrapcompliance.org\/sustainable-apparel-and-textiles-conference-usa\/"},"author":{"name":"WRAP","@id":"https:\/\/wrapcompliance.org\/en\/#\/schema\/person\/cc32b665716c7f17c9dab13010c85aab"},"headline":"Sustainable Apparel and Textiles Conference","datePublished":"2023-05-18T17:46:06+00:00","dateModified":"2023-05-18T17:55:25+00:00","mainEntityOfPage":{"@id":"https:\/\/wrapcompliance.org\/sustainable-apparel-and-textiles-conference-usa\/"},"wordCount":65,"commentCount":0,"publisher":{"@id":"https:\/\/wrapcompliance.org\/en\/#organization"},"image":{"@id":"https:\/\/wrapcompliance.org\/sustainable-apparel-and-textiles-conference-usa\/#primaryimage"},"thumbnailUrl":"https:\/\/wrapcompliance.org\/wp-content\/uploads\/2023\/05\/AEU_1.B9_Social-compliance-1024x536.jpg","articleSection":["Events"],"inLanguage":"es","potentialAction":[{"@type":"CommentAction","name":"Comment","target":["https:\/\/wrapcompliance.org\/sustainable-apparel-and-textiles-conference-usa\/#respond"]}]},{"@type":"WebPage","@id":"https:\/\/wrapcompliance.org\/sustainable-apparel-and-textiles-conference-usa\/","url":"https:\/\/wrapcompliance.org\/sustainable-apparel-and-textiles-conference-usa\/","name":"Conferencia sobre textiles y prendas sostenibles - Cumplimiento de WRAP","isPartOf":{"@id":"https:\/\/wrapcompliance.org\/en\/#website"},"primaryImageOfPage":{"@id":"https:\/\/wrapcompliance.org\/sustainable-apparel-and-textiles-conference-usa\/#primaryimage"},"image":{"@id":"https:\/\/wrapcompliance.org\/sustainable-apparel-and-textiles-conference-usa\/#primaryimage"},"thumbnailUrl":"https:\/\/wrapcompliance.org\/wp-content\/uploads\/2023\/05\/AEU_1.B9_Social-compliance-1024x536.jpg","datePublished":"2023-05-18T17:46:06+00:00","dateModified":"2023-05-18T17:55:25+00:00","breadcrumb":{"@id":"https:\/\/wrapcompliance.org\/sustainable-apparel-and-textiles-conference-usa\/#breadcrumb"},"inLanguage":"es","potentialAction":[{"@type":"ReadAction","target":["https:\/\/wrapcompliance.org\/sustainable-apparel-and-textiles-conference-usa\/"]}]},{"@type":"ImageObject","inLanguage":"es","@id":"https:\/\/wrapcompliance.org\/sustainable-apparel-and-textiles-conference-usa\/#primaryimage","url":"https:\/\/wrapcompliance.org\/wp-content\/uploads\/2023\/05\/AEU_1.B9_Social-compliance-1024x536.jpg","contentUrl":"https:\/\/wrapcompliance.org\/wp-content\/uploads\/2023\/05\/AEU_1.B9_Social-compliance-1024x536.jpg"},{"@type":"BreadcrumbList","@id":"https:\/\/wrapcompliance.org\/sustainable-apparel-and-textiles-conference-usa\/#breadcrumb","itemListElement":[{"@type":"ListItem","position":1,"name":"Home","item":"https:\/\/wrapcompliance.org\/"},{"@type":"ListItem","position":2,"name":"Sustainable Apparel and Textiles Conference"}]},{"@type":"WebSite","@id":"https:\/\/wrapcompliance.org\/en\/#website","url":"https:\/\/wrapcompliance.org\/en\/","name":"Cumplimiento de WRAP","description":"Garantizar que las instalaciones de producci\u00f3n operen de manera segura, responsable y \u00e9tica. A trav\u00e9s de nuestros 12 Principios, promovemos la fabricaci\u00f3n humana y legal en instalaciones de todo el mundo a trav\u00e9s de nuestros programas de Certificaci\u00f3n y Capacitaci\u00f3n.","publisher":{"@id":"https:\/\/wrapcompliance.org\/en\/#organization"},"potentialAction":[{"@type":"SearchAction","target":{"@type":"EntryPoint","urlTemplate":"https:\/\/wrapcompliance.org\/en\/?s={search_term_string}"},"query-input":{"@type":"PropertyValueSpecification","valueRequired":true,"valueName":"search_term_string"}}],"inLanguage":"es"},{"@type":"Organization","@id":"https:\/\/wrapcompliance.org\/en\/#organization","name":"Producci\u00f3n Acreditada Responsable a Nivel Mundial","alternateName":"WRAP Compliance","url":"https:\/\/wrapcompliance.org\/en\/","logo":{"@type":"ImageObject","inLanguage":"es","@id":"https:\/\/wrapcompliance.org\/en\/#\/schema\/logo\/image\/","url":"https:\/\/wrapcompliance.org\/wp-content\/uploads\/2022\/03\/WRAP_Logo_Update_Color_RGB.png","contentUrl":"https:\/\/wrapcompliance.org\/wp-content\/uploads\/2022\/03\/WRAP_Logo_Update_Color_RGB.png","width":3601,"height":3451,"caption":"Worldwide Responsible Accredited Production"},"image":{"@id":"https:\/\/wrapcompliance.org\/en\/#\/schema\/logo\/image\/"},"sameAs":["https:\/\/www.facebook.com\/WRAPcompliance\/","https:\/\/x.com\/wrapcompliance","https:\/\/www.linkedin.com\/company\/wrapcompliance"]},{"@type":"Person","@id":"https:\/\/wrapcompliance.org\/en\/#\/schema\/person\/cc32b665716c7f17c9dab13010c85aab","name":"ENVOLVER","image":{"@type":"ImageObject","inLanguage":"es","@id":"https:\/\/secure.gravatar.com\/avatar\/addc8a35a212daf9ed8aad6e6933dd0530f5ba6e2472abe14295d01da27fe14a?s=96&d=mm&r=g","url":"https:\/\/secure.gravatar.com\/avatar\/addc8a35a212daf9ed8aad6e6933dd0530f5ba6e2472abe14295d01da27fe14a?s=96&d=mm&r=g","contentUrl":"https:\/\/secure.gravatar.com\/avatar\/addc8a35a212daf9ed8aad6e6933dd0530f5ba6e2472abe14295d01da27fe14a?s=96&d=mm&r=g","caption":"WRAP"},"description":"WRAP es un equipo independiente, objetivo y sin fines de lucro de expertos globales en cumplimiento social dedicados a promover la fabricaci\u00f3n segura, legal, humana y \u00e9tica en todo el mundo a trav\u00e9s de la certificaci\u00f3n y la educaci\u00f3n.","url":"https:\/\/wrapcompliance.org\/es\/author\/wrap\/"}]}},"rendered-html":"<div class=\"excerpt clickable post-29440 post type-post status-publish format-standard hentry category-events topic-audits topic-certification topic-supply-chains taxonomy-author-avedis-h-seferian\" data-href=\"https:\/\/wrapcompliance.org\/es\/sustainable-apparel-and-textiles-conference-usa\/\">\n\n<h3 class=\"title\"><a href=\"https:\/\/wrapcompliance.org\/es\/sustainable-apparel-and-textiles-conference-usa\/\">Sustainable Apparel and Textiles Conference<\/a><\/h3>\n<div class=\"content\"><p>Wednesday, June 21, 20233:30 \u2013 4:15 p.m. ET Verizon Executive Education Center (Cornell Tech)2 W Loop Rd.New York City, NY. 10044 WRAP&#8217;s President and CEO, Avedis Seferian, will be a featured speaker at Innovation Forum&#8217;s two-day conference in New York. His session will explore how social compliance standards can align to tackle audit fatigue and [&hellip;]<\/p>\n<\/div><a href=\"https:\/\/wrapcompliance.org\/es\/sustainable-apparel-and-textiles-conference-usa\/\" class=\"more\" aria-label=\"Read More\"><svg class=\"icon svg-icon icon-arrow-right \"><use xlink:href=\"https:\/\/wrapcompliance.org\/wp-content\/themes\/wrapcompliance\/images\/icons.svg#icon-arrow-right\"><\/use><\/svg><\/a>\n<\/div>","_links":{"self":[{"href":"https:\/\/wrapcompliance.org\/es\/wp-json\/wp\/v2\/posts\/29440","targetHints":{"allow":["GET"]}}],"collection":[{"href":"https:\/\/wrapcompliance.org\/es\/wp-json\/wp\/v2\/posts"}],"about":[{"href":"https:\/\/wrapcompliance.org\/es\/wp-json\/wp\/v2\/types\/post"}],"author":[{"embeddable":true,"href":"https:\/\/wrapcompliance.org\/es\/wp-json\/wp\/v2\/users\/3"}],"replies":[{"embeddable":true,"href":"https:\/\/wrapcompliance.org\/es\/wp-json\/wp\/v2\/comments?post=29440"}],"version-history":[{"count":0,"href":"https:\/\/wrapcompliance.org\/es\/wp-json\/wp\/v2\/posts\/29440\/revisions"}],"wp:attachment":[{"href":"https:\/\/wrapcompliance.org\/es\/wp-json\/wp\/v2\/media?parent=29440"}],"wp:term":[{"taxonomy":"category","embeddable":true,"href":"https:\/\/wrapcompliance.org\/es\/wp-json\/wp\/v2\/categories?post=29440"},{"taxonomy":"partner","embeddable":true,"href":"https:\/\/wrapcompliance.org\/es\/wp-json\/wp\/v2\/partner?post=29440"},{"taxonomy":"topic","embeddable":true,"href":"https:\/\/wrapcompliance.org\/es\/wp-json\/wp\/v2\/topic?post=29440"},{"taxonomy":"taxonomy-author","embeddable":true,"href":"https:\/\/wrapcompliance.org\/es\/wp-json\/wp\/v2\/taxonomy-author?post=29440"}],"curies":[{"name":"wp","href":"https:\/\/api.w.org\/{rel}","templated":true}]}}