{"id":2331259,"date":"2023-09-27T17:15:40","date_gmt":"2023-09-27T21:15:40","guid":{"rendered":"https:\/\/wrapcompliance.org\/?p=2331259"},"modified":"2024-10-08T12:17:46","modified_gmt":"2024-10-08T16:17:46","slug":"wrap-sponsors-caf-webinar-on-forced-and-child-labor-regulations-in-canada","status":"publish","type":"post","link":"https:\/\/wrapcompliance.org\/vi\/wrap-sponsors-caf-webinar-on-forced-and-child-labor-regulations-in-canada\/","title":{"rendered":"WRAP t\u00e0i tr\u1ee3 cho h\u1ed9i th\u1ea3o tr\u1ef1c tuy\u1ebfn c\u1ee7a CAF v\u1ec1 c\u00e1c quy \u0111\u1ecbnh v\u1ec1 lao \u0111\u1ed9ng c\u01b0\u1ee1ng b\u1ee9c v\u00e0 lao \u0111\u1ed9ng tr\u1ebb em t\u1ea1i Canada"},"content":{"rendered":"<p class=\"appear-on-scroll\">The Government of Canada is increasingly targeting forced labor and child labor in supply chains. An upcoming webinar hosted by our friends at the Canadian Apparel Federation (CAF) will help businesses across the country understand the ever-growing web of legislation and governmental measures and prepare for their May 2024 reporting obligations. Our President and CEO \u2013 Avedis Seferian \u2013 will be a featured speaker during this session, which will cover a range of issues, including:<\/p>\n\n<ul  class=\"appear-on-scroll wp-block-list\" >\n<li>Background on the government&#8217;s increasingly ambitious strategy on forced labor and child labor.<\/li>\n\n\n\n<li>Frequently asked questions on the new forced labor reporting requirement: who must file, who must approve, when to get going, and what businesses must include in their reports. <\/li>\n\n\n\n<li>The underreported effects of Canada\u2019s new import ban on goods made of child labor. <\/li>\n\n\n\n<li>How to prepare and mitigate risks before you import goods or purchase imported goods. <\/li>\n\n\n\n<li>What is the Canadian Ombudsperson for Responsible Enterprise (CORE), how should apparel and retail businesses engage with it, and what is the effect of its recent investigations into apparel companies?<\/li>\n<\/ul>\n\n<p class=\"appear-on-scroll\">Follow the link below to learn more and register! <\/p>\n\n<hr  class=\"appear-on-scroll wp-block-separator has-alpha-channel-opacity\" \/>\n\n<p class=\"appear-on-scroll\">&#8220;Canada&#8217;s Three-Pronged Approach to Forced &amp; Child Labour: An Update on Mandatory Reporting, Import Bans, and CORE Investigations&#8221;<br>Thursday, October 5, 2023<br>2 \u2014 3 p.m. ET<br>[Virtual]<\/p>\n\n<div  class=\"appear-on-scroll wp-block-buttons is-layout-flex wp-block-buttons-is-layout-flex\" >\n<div class=\"wp-block-button\"><a class=\"wp-block-button__link wp-element-button\" href=\"https:\/\/register.gotowebinar.com\/register\/5618069444974377309\"><span class=\"label\">register<\/span><\/a><\/div>\n<\/div>","protected":false},"excerpt":{"rendered":"<p>Tham gia c\u00f9ng Ch\u1ee7 t\u1ecbch &amp; Gi\u00e1m \u0111\u1ed1c \u0111i\u1ec1u h\u00e0nh c\u1ee7a ch\u00fang t\u00f4i t\u1ea1i h\u1ed9i th\u1ea3o tr\u1ef1c tuy\u1ebfn gi\u00fap c\u00e1c doanh nghi\u1ec7p hi\u1ec3u lu\u1eadt ph\u00e1p Canada v\u1ec1 v\u1ea5n \u0111\u1ec1 lao \u0111\u1ed9ng c\u01b0\u1ee1ng b\u1ee9c v\u00e0 lao \u0111\u1ed9ng tr\u1ebb em trong chu\u1ed7i cung \u1ee9ng<\/p>","protected":false},"author":3,"featured_media":2331260,"comment_status":"open","ping_status":"open","sticky":false,"template":"","format":"standard","meta":{"_acf_changed":false,"featured_image_background_position":"","hide_featured_image":true,"pinned":false,"footnotes":""},"categories":[304],"partner":[960],"topic":[964,963,973,966],"taxonomy-author":[947],"class_list":["post-2331259","post","type-post","status-publish","format-standard","has-post-thumbnail","hentry","category-events","partner-caf","topic-due-diligence","topic-forced-labor","topic-human-rights","topic-supply-chains","taxonomy-author-avedis-h-seferian"],"acf":[],"yoast_head":"<!-- This site is optimized with the Yoast SEO plugin v27.4 - https:\/\/yoast.com\/product\/yoast-seo-wordpress\/ -->\n<title>WRAP sponsors CAF webinar on forced and child labor regulations in Canada - WRAP Compliance<\/title>\n<meta name=\"robots\" content=\"index, follow, max-snippet:-1, max-image-preview:large, max-video-preview:-1\" \/>\n<link rel=\"canonical\" href=\"https:\/\/wrapcompliance.org\/vi\/wrap-sponsors-caf-webinar-on-forced-and-child-labor-regulations-in-canada\/\" \/>\n<meta property=\"og:locale\" content=\"vi_VN\" \/>\n<meta property=\"og:type\" content=\"article\" \/>\n<meta property=\"og:title\" content=\"WRAP sponsors CAF webinar on forced and child labor regulations in Canada - WRAP Compliance\" \/>\n<meta property=\"og:description\" content=\"Join our President &amp; CEO at a webinar helping businesses understand Canadian legislation addressing forced labor and child labor in supply chains\" \/>\n<meta property=\"og:url\" content=\"https:\/\/wrapcompliance.org\/vi\/wrap-sponsors-caf-webinar-on-forced-and-child-labor-regulations-in-canada\/\" \/>\n<meta property=\"og:site_name\" content=\"WRAP Compliance\" \/>\n<meta property=\"article:publisher\" content=\"https:\/\/www.facebook.com\/WRAPcompliance\/\" \/>\n<meta property=\"article:published_time\" content=\"2023-09-27T21:15:40+00:00\" \/>\n<meta property=\"article:modified_time\" content=\"2024-10-08T16:17:46+00:00\" \/>\n<meta property=\"og:image\" content=\"https:\/\/wrapcompliance.org\/wp-content\/uploads\/2023\/09\/jezael-melgoza-326121-unsplash.jpg\" \/>\n\t<meta property=\"og:image:width\" content=\"800\" \/>\n\t<meta property=\"og:image:height\" content=\"700\" \/>\n\t<meta property=\"og:image:type\" content=\"image\/jpeg\" \/>\n<meta name=\"author\" content=\"WRAP\" \/>\n<meta name=\"twitter:card\" content=\"summary_large_image\" \/>\n<meta name=\"twitter:creator\" content=\"@wrapcompliance\" \/>\n<meta name=\"twitter:site\" content=\"@wrapcompliance\" \/>\n<meta name=\"twitter:label1\" content=\"\u0110\u01b0\u1ee3c vi\u1ebft b\u1edfi\" \/>\n\t<meta name=\"twitter:data1\" content=\"WRAP\" \/>\n\t<meta name=\"twitter:label2\" content=\"\u01af\u1edbc t\u00ednh th\u1eddi gian \u0111\u1ecdc\" \/>\n\t<meta name=\"twitter:data2\" content=\"2 ph\u00fat\" \/>\n<script type=\"application\/ld+json\" class=\"yoast-schema-graph\">{\"@context\":\"https:\\\/\\\/schema.org\",\"@graph\":[{\"@type\":\"Article\",\"@id\":\"https:\\\/\\\/wrapcompliance.org\\\/wrap-sponsors-caf-webinar-on-forced-and-child-labor-regulations-in-canada\\\/#article\",\"isPartOf\":{\"@id\":\"https:\\\/\\\/wrapcompliance.org\\\/wrap-sponsors-caf-webinar-on-forced-and-child-labor-regulations-in-canada\\\/\"},\"author\":{\"name\":\"WRAP\",\"@id\":\"https:\\\/\\\/wrapcompliance.org\\\/en\\\/#\\\/schema\\\/person\\\/cc32b665716c7f17c9dab13010c85aab\"},\"headline\":\"WRAP sponsors CAF webinar on forced and child labor regulations in Canada\",\"datePublished\":\"2023-09-27T21:15:40+00:00\",\"dateModified\":\"2024-10-08T16:17:46+00:00\",\"mainEntityOfPage\":{\"@id\":\"https:\\\/\\\/wrapcompliance.org\\\/wrap-sponsors-caf-webinar-on-forced-and-child-labor-regulations-in-canada\\\/\"},\"wordCount\":220,\"commentCount\":0,\"publisher\":{\"@id\":\"https:\\\/\\\/wrapcompliance.org\\\/en\\\/#organization\"},\"image\":{\"@id\":\"https:\\\/\\\/wrapcompliance.org\\\/wrap-sponsors-caf-webinar-on-forced-and-child-labor-regulations-in-canada\\\/#primaryimage\"},\"thumbnailUrl\":\"https:\\\/\\\/wrapcompliance.org\\\/wp-content\\\/uploads\\\/2023\\\/09\\\/jezael-melgoza-326121-unsplash.jpg\",\"articleSection\":[\"Events\"],\"inLanguage\":\"vi\",\"potentialAction\":[{\"@type\":\"CommentAction\",\"name\":\"Comment\",\"target\":[\"https:\\\/\\\/wrapcompliance.org\\\/wrap-sponsors-caf-webinar-on-forced-and-child-labor-regulations-in-canada\\\/#respond\"]}]},{\"@type\":\"WebPage\",\"@id\":\"https:\\\/\\\/wrapcompliance.org\\\/wrap-sponsors-caf-webinar-on-forced-and-child-labor-regulations-in-canada\\\/\",\"url\":\"https:\\\/\\\/wrapcompliance.org\\\/wrap-sponsors-caf-webinar-on-forced-and-child-labor-regulations-in-canada\\\/\",\"name\":\"WRAP sponsors CAF webinar on forced and child labor regulations in Canada - WRAP Compliance\",\"isPartOf\":{\"@id\":\"https:\\\/\\\/wrapcompliance.org\\\/en\\\/#website\"},\"primaryImageOfPage\":{\"@id\":\"https:\\\/\\\/wrapcompliance.org\\\/wrap-sponsors-caf-webinar-on-forced-and-child-labor-regulations-in-canada\\\/#primaryimage\"},\"image\":{\"@id\":\"https:\\\/\\\/wrapcompliance.org\\\/wrap-sponsors-caf-webinar-on-forced-and-child-labor-regulations-in-canada\\\/#primaryimage\"},\"thumbnailUrl\":\"https:\\\/\\\/wrapcompliance.org\\\/wp-content\\\/uploads\\\/2023\\\/09\\\/jezael-melgoza-326121-unsplash.jpg\",\"datePublished\":\"2023-09-27T21:15:40+00:00\",\"dateModified\":\"2024-10-08T16:17:46+00:00\",\"breadcrumb\":{\"@id\":\"https:\\\/\\\/wrapcompliance.org\\\/wrap-sponsors-caf-webinar-on-forced-and-child-labor-regulations-in-canada\\\/#breadcrumb\"},\"inLanguage\":\"vi\",\"potentialAction\":[{\"@type\":\"ReadAction\",\"target\":[\"https:\\\/\\\/wrapcompliance.org\\\/wrap-sponsors-caf-webinar-on-forced-and-child-labor-regulations-in-canada\\\/\"]}]},{\"@type\":\"ImageObject\",\"inLanguage\":\"vi\",\"@id\":\"https:\\\/\\\/wrapcompliance.org\\\/wrap-sponsors-caf-webinar-on-forced-and-child-labor-regulations-in-canada\\\/#primaryimage\",\"url\":\"https:\\\/\\\/wrapcompliance.org\\\/wp-content\\\/uploads\\\/2023\\\/09\\\/jezael-melgoza-326121-unsplash.jpg\",\"contentUrl\":\"https:\\\/\\\/wrapcompliance.org\\\/wp-content\\\/uploads\\\/2023\\\/09\\\/jezael-melgoza-326121-unsplash.jpg\",\"width\":800,\"height\":700,\"caption\":\"Panoramic photo of a factory floor\"},{\"@type\":\"BreadcrumbList\",\"@id\":\"https:\\\/\\\/wrapcompliance.org\\\/wrap-sponsors-caf-webinar-on-forced-and-child-labor-regulations-in-canada\\\/#breadcrumb\",\"itemListElement\":[{\"@type\":\"ListItem\",\"position\":1,\"name\":\"Home\",\"item\":\"https:\\\/\\\/wrapcompliance.org\\\/\"},{\"@type\":\"ListItem\",\"position\":2,\"name\":\"WRAP sponsors CAF webinar on forced and child labor regulations in Canada\"}]},{\"@type\":\"WebSite\",\"@id\":\"https:\\\/\\\/wrapcompliance.org\\\/en\\\/#website\",\"url\":\"https:\\\/\\\/wrapcompliance.org\\\/en\\\/\",\"name\":\"WRAP Compliance\",\"description\":\"Ensuring production facilities operate in a safe, responsible, and ethical way. Through our 12 Principles, we promote lawful, humane manufacturing in facilities throughout the world via our Certification and Training programs.\",\"publisher\":{\"@id\":\"https:\\\/\\\/wrapcompliance.org\\\/en\\\/#organization\"},\"potentialAction\":[{\"@type\":\"SearchAction\",\"target\":{\"@type\":\"EntryPoint\",\"urlTemplate\":\"https:\\\/\\\/wrapcompliance.org\\\/en\\\/?s={search_term_string}\"},\"query-input\":{\"@type\":\"PropertyValueSpecification\",\"valueRequired\":true,\"valueName\":\"search_term_string\"}}],\"inLanguage\":\"vi\"},{\"@type\":\"Organization\",\"@id\":\"https:\\\/\\\/wrapcompliance.org\\\/en\\\/#organization\",\"name\":\"Worldwide Responsible Accredited Production\",\"alternateName\":\"WRAP Compliance\",\"url\":\"https:\\\/\\\/wrapcompliance.org\\\/en\\\/\",\"logo\":{\"@type\":\"ImageObject\",\"inLanguage\":\"vi\",\"@id\":\"https:\\\/\\\/wrapcompliance.org\\\/en\\\/#\\\/schema\\\/logo\\\/image\\\/\",\"url\":\"https:\\\/\\\/wrapcompliance.org\\\/wp-content\\\/uploads\\\/2022\\\/03\\\/WRAP_Logo_Update_Color_RGB.png\",\"contentUrl\":\"https:\\\/\\\/wrapcompliance.org\\\/wp-content\\\/uploads\\\/2022\\\/03\\\/WRAP_Logo_Update_Color_RGB.png\",\"width\":3601,\"height\":3451,\"caption\":\"Worldwide Responsible Accredited Production\"},\"image\":{\"@id\":\"https:\\\/\\\/wrapcompliance.org\\\/en\\\/#\\\/schema\\\/logo\\\/image\\\/\"},\"sameAs\":[\"https:\\\/\\\/www.facebook.com\\\/WRAPcompliance\\\/\",\"https:\\\/\\\/x.com\\\/wrapcompliance\",\"https:\\\/\\\/www.linkedin.com\\\/company\\\/wrapcompliance\"]},{\"@type\":\"Person\",\"@id\":\"https:\\\/\\\/wrapcompliance.org\\\/en\\\/#\\\/schema\\\/person\\\/cc32b665716c7f17c9dab13010c85aab\",\"name\":\"WRAP\",\"image\":{\"@type\":\"ImageObject\",\"inLanguage\":\"vi\",\"@id\":\"https:\\\/\\\/secure.gravatar.com\\\/avatar\\\/addc8a35a212daf9ed8aad6e6933dd0530f5ba6e2472abe14295d01da27fe14a?s=96&d=mm&r=g\",\"url\":\"https:\\\/\\\/secure.gravatar.com\\\/avatar\\\/addc8a35a212daf9ed8aad6e6933dd0530f5ba6e2472abe14295d01da27fe14a?s=96&d=mm&r=g\",\"contentUrl\":\"https:\\\/\\\/secure.gravatar.com\\\/avatar\\\/addc8a35a212daf9ed8aad6e6933dd0530f5ba6e2472abe14295d01da27fe14a?s=96&d=mm&r=g\",\"caption\":\"WRAP\"},\"description\":\"WRAP is an independent, objective, non-profit team of global social compliance experts dedicated to promoting safe, lawful, humane, and ethical manufacturing around the world through certification and education.\",\"url\":\"https:\\\/\\\/wrapcompliance.org\\\/vi\\\/author\\\/wrap\\\/\"}]}<\/script>\n<!-- \/ Yoast SEO plugin. -->","yoast_head_json":{"title":"WRAP t\u00e0i tr\u1ee3 cho h\u1ed9i th\u1ea3o tr\u1ef1c tuy\u1ebfn c\u1ee7a CAF v\u1ec1 c\u00e1c quy \u0111\u1ecbnh v\u1ec1 lao \u0111\u1ed9ng c\u01b0\u1ee1ng b\u1ee9c v\u00e0 lao \u0111\u1ed9ng tr\u1ebb em t\u1ea1i Canada - Tu\u00e2n th\u1ee7 WRAP","robots":{"index":"index","follow":"follow","max-snippet":"max-snippet:-1","max-image-preview":"max-image-preview:large","max-video-preview":"max-video-preview:-1"},"canonical":"https:\/\/wrapcompliance.org\/vi\/wrap-sponsors-caf-webinar-on-forced-and-child-labor-regulations-in-canada\/","og_locale":"vi_VN","og_type":"article","og_title":"WRAP sponsors CAF webinar on forced and child labor regulations in Canada - WRAP Compliance","og_description":"Join our President & CEO at a webinar helping businesses understand Canadian legislation addressing forced labor and child labor in supply chains","og_url":"https:\/\/wrapcompliance.org\/vi\/wrap-sponsors-caf-webinar-on-forced-and-child-labor-regulations-in-canada\/","og_site_name":"WRAP Compliance","article_publisher":"https:\/\/www.facebook.com\/WRAPcompliance\/","article_published_time":"2023-09-27T21:15:40+00:00","article_modified_time":"2024-10-08T16:17:46+00:00","og_image":[{"width":800,"height":700,"url":"https:\/\/wrapcompliance.org\/wp-content\/uploads\/2023\/09\/jezael-melgoza-326121-unsplash.jpg","type":"image\/jpeg"}],"author":"WRAP","twitter_card":"summary_large_image","twitter_creator":"@wrapcompliance","twitter_site":"@wrapcompliance","twitter_misc":{"\u0110\u01b0\u1ee3c vi\u1ebft b\u1edfi":"WRAP","\u01af\u1edbc t\u00ednh th\u1eddi gian \u0111\u1ecdc":"2 ph\u00fat"},"schema":{"@context":"https:\/\/schema.org","@graph":[{"@type":"Article","@id":"https:\/\/wrapcompliance.org\/wrap-sponsors-caf-webinar-on-forced-and-child-labor-regulations-in-canada\/#article","isPartOf":{"@id":"https:\/\/wrapcompliance.org\/wrap-sponsors-caf-webinar-on-forced-and-child-labor-regulations-in-canada\/"},"author":{"name":"WRAP","@id":"https:\/\/wrapcompliance.org\/en\/#\/schema\/person\/cc32b665716c7f17c9dab13010c85aab"},"headline":"WRAP sponsors CAF webinar on forced and child labor regulations in Canada","datePublished":"2023-09-27T21:15:40+00:00","dateModified":"2024-10-08T16:17:46+00:00","mainEntityOfPage":{"@id":"https:\/\/wrapcompliance.org\/wrap-sponsors-caf-webinar-on-forced-and-child-labor-regulations-in-canada\/"},"wordCount":220,"commentCount":0,"publisher":{"@id":"https:\/\/wrapcompliance.org\/en\/#organization"},"image":{"@id":"https:\/\/wrapcompliance.org\/wrap-sponsors-caf-webinar-on-forced-and-child-labor-regulations-in-canada\/#primaryimage"},"thumbnailUrl":"https:\/\/wrapcompliance.org\/wp-content\/uploads\/2023\/09\/jezael-melgoza-326121-unsplash.jpg","articleSection":["Events"],"inLanguage":"vi","potentialAction":[{"@type":"CommentAction","name":"Comment","target":["https:\/\/wrapcompliance.org\/wrap-sponsors-caf-webinar-on-forced-and-child-labor-regulations-in-canada\/#respond"]}]},{"@type":"WebPage","@id":"https:\/\/wrapcompliance.org\/wrap-sponsors-caf-webinar-on-forced-and-child-labor-regulations-in-canada\/","url":"https:\/\/wrapcompliance.org\/wrap-sponsors-caf-webinar-on-forced-and-child-labor-regulations-in-canada\/","name":"WRAP t\u00e0i tr\u1ee3 cho h\u1ed9i th\u1ea3o tr\u1ef1c tuy\u1ebfn c\u1ee7a CAF v\u1ec1 c\u00e1c quy \u0111\u1ecbnh v\u1ec1 lao \u0111\u1ed9ng c\u01b0\u1ee1ng b\u1ee9c v\u00e0 lao \u0111\u1ed9ng tr\u1ebb em t\u1ea1i Canada - Tu\u00e2n th\u1ee7 WRAP","isPartOf":{"@id":"https:\/\/wrapcompliance.org\/en\/#website"},"primaryImageOfPage":{"@id":"https:\/\/wrapcompliance.org\/wrap-sponsors-caf-webinar-on-forced-and-child-labor-regulations-in-canada\/#primaryimage"},"image":{"@id":"https:\/\/wrapcompliance.org\/wrap-sponsors-caf-webinar-on-forced-and-child-labor-regulations-in-canada\/#primaryimage"},"thumbnailUrl":"https:\/\/wrapcompliance.org\/wp-content\/uploads\/2023\/09\/jezael-melgoza-326121-unsplash.jpg","datePublished":"2023-09-27T21:15:40+00:00","dateModified":"2024-10-08T16:17:46+00:00","breadcrumb":{"@id":"https:\/\/wrapcompliance.org\/wrap-sponsors-caf-webinar-on-forced-and-child-labor-regulations-in-canada\/#breadcrumb"},"inLanguage":"vi","potentialAction":[{"@type":"ReadAction","target":["https:\/\/wrapcompliance.org\/wrap-sponsors-caf-webinar-on-forced-and-child-labor-regulations-in-canada\/"]}]},{"@type":"ImageObject","inLanguage":"vi","@id":"https:\/\/wrapcompliance.org\/wrap-sponsors-caf-webinar-on-forced-and-child-labor-regulations-in-canada\/#primaryimage","url":"https:\/\/wrapcompliance.org\/wp-content\/uploads\/2023\/09\/jezael-melgoza-326121-unsplash.jpg","contentUrl":"https:\/\/wrapcompliance.org\/wp-content\/uploads\/2023\/09\/jezael-melgoza-326121-unsplash.jpg","width":800,"height":700,"caption":"Panoramic photo of a factory floor"},{"@type":"BreadcrumbList","@id":"https:\/\/wrapcompliance.org\/wrap-sponsors-caf-webinar-on-forced-and-child-labor-regulations-in-canada\/#breadcrumb","itemListElement":[{"@type":"ListItem","position":1,"name":"Home","item":"https:\/\/wrapcompliance.org\/"},{"@type":"ListItem","position":2,"name":"WRAP sponsors CAF webinar on forced and child labor regulations in Canada"}]},{"@type":"WebSite","@id":"https:\/\/wrapcompliance.org\/en\/#website","url":"https:\/\/wrapcompliance.org\/en\/","name":"Tu\u00e2n th\u1ee7 WRAP","description":"\u0110\u1ea3m b\u1ea3o c\u00e1c c\u01a1 s\u1edf s\u1ea3n xu\u1ea5t ho\u1ea1t \u0111\u1ed9ng m\u1ed9t c\u00e1ch an to\u00e0n, c\u00f3 tr\u00e1ch nhi\u1ec7m v\u00e0 \u0111\u1ea1o \u0111\u1ee9c. Th\u00f4ng qua 12 Nguy\u00ean t\u1eafc c\u1ee7a m\u00ecnh, ch\u00fang t\u00f4i th\u00fac \u0111\u1ea9y ho\u1ea1t \u0111\u1ed9ng s\u1ea3n xu\u1ea5t h\u1ee3p ph\u00e1p, nh\u00e2n \u0111\u1ea1o t\u1ea1i c\u00e1c c\u01a1 s\u1edf tr\u00ean to\u00e0n th\u1ebf gi\u1edbi th\u00f4ng qua c\u00e1c ch\u01b0\u01a1ng tr\u00ecnh Ch\u1ee9ng nh\u1eadn v\u00e0 \u0110\u00e0o t\u1ea1o c\u1ee7a m\u00ecnh.","publisher":{"@id":"https:\/\/wrapcompliance.org\/en\/#organization"},"potentialAction":[{"@type":"SearchAction","target":{"@type":"EntryPoint","urlTemplate":"https:\/\/wrapcompliance.org\/en\/?s={search_term_string}"},"query-input":{"@type":"PropertyValueSpecification","valueRequired":true,"valueName":"search_term_string"}}],"inLanguage":"vi"},{"@type":"Organization","@id":"https:\/\/wrapcompliance.org\/en\/#organization","name":"S\u1ea3n xu\u1ea5t \u0111\u01b0\u1ee3c c\u00f4ng nh\u1eadn c\u00f3 tr\u00e1ch nhi\u1ec7m tr\u00ean to\u00e0n th\u1ebf gi\u1edbi","alternateName":"WRAP Compliance","url":"https:\/\/wrapcompliance.org\/en\/","logo":{"@type":"ImageObject","inLanguage":"vi","@id":"https:\/\/wrapcompliance.org\/en\/#\/schema\/logo\/image\/","url":"https:\/\/wrapcompliance.org\/wp-content\/uploads\/2022\/03\/WRAP_Logo_Update_Color_RGB.png","contentUrl":"https:\/\/wrapcompliance.org\/wp-content\/uploads\/2022\/03\/WRAP_Logo_Update_Color_RGB.png","width":3601,"height":3451,"caption":"Worldwide Responsible Accredited Production"},"image":{"@id":"https:\/\/wrapcompliance.org\/en\/#\/schema\/logo\/image\/"},"sameAs":["https:\/\/www.facebook.com\/WRAPcompliance\/","https:\/\/x.com\/wrapcompliance","https:\/\/www.linkedin.com\/company\/wrapcompliance"]},{"@type":"Person","@id":"https:\/\/wrapcompliance.org\/en\/#\/schema\/person\/cc32b665716c7f17c9dab13010c85aab","name":"B\u1eccC","image":{"@type":"ImageObject","inLanguage":"vi","@id":"https:\/\/secure.gravatar.com\/avatar\/addc8a35a212daf9ed8aad6e6933dd0530f5ba6e2472abe14295d01da27fe14a?s=96&d=mm&r=g","url":"https:\/\/secure.gravatar.com\/avatar\/addc8a35a212daf9ed8aad6e6933dd0530f5ba6e2472abe14295d01da27fe14a?s=96&d=mm&r=g","contentUrl":"https:\/\/secure.gravatar.com\/avatar\/addc8a35a212daf9ed8aad6e6933dd0530f5ba6e2472abe14295d01da27fe14a?s=96&d=mm&r=g","caption":"WRAP"},"description":"WRAP l\u00e0 m\u1ed9t nh\u00f3m chuy\u00ean gia tu\u00e2n th\u1ee7 x\u00e3 h\u1ed9i to\u00e0n c\u1ea7u \u0111\u1ed9c l\u1eadp, kh\u00e1ch quan v\u00e0 phi l\u1ee3i nhu\u1eadn, chuy\u00ean th\u00fac \u0111\u1ea9y s\u1ea3n xu\u1ea5t an to\u00e0n, h\u1ee3p ph\u00e1p, nh\u00e2n \u0111\u1ea1o v\u00e0 c\u00f3 \u0111\u1ea1o \u0111\u1ee9c tr\u00ean to\u00e0n th\u1ebf gi\u1edbi th\u00f4ng qua ch\u1ee9ng nh\u1eadn v\u00e0 gi\u00e1o d\u1ee5c.","url":"https:\/\/wrapcompliance.org\/vi\/author\/wrap\/"}]}},"rendered-html":"<div class=\"excerpt clickable post-2331259 post type-post status-publish format-standard has-post-thumbnail hentry category-events partner-caf topic-due-diligence topic-forced-labor topic-human-rights topic-supply-chains taxonomy-author-avedis-h-seferian\" data-href=\"https:\/\/wrapcompliance.org\/vi\/wrap-sponsors-caf-webinar-on-forced-and-child-labor-regulations-in-canada\/\">\n<a href=\"https:\/\/wrapcompliance.org\/vi\/wrap-sponsors-caf-webinar-on-forced-and-child-labor-regulations-in-canada\/\" aria-label=\"WRAP sponsors CAF webinar on forced and child labor regulations in Canada\" class=\"thumbnail\"><img width=\"600\" height=\"525\" src=\"https:\/\/wrapcompliance.org\/wp-content\/uploads\/2023\/09\/jezael-melgoza-326121-unsplash-600x525.jpg\" class=\"attachment-post-thumb size-post-thumb\" alt=\"Panoramic photo of a factory floor\" style=\"\" decoding=\"async\" loading=\"lazy\" srcset=\"https:\/\/wrapcompliance.org\/wp-content\/uploads\/2023\/09\/jezael-melgoza-326121-unsplash-600x525.jpg 600w, https:\/\/wrapcompliance.org\/wp-content\/uploads\/2023\/09\/jezael-melgoza-326121-unsplash-300x263.jpg 300w, https:\/\/wrapcompliance.org\/wp-content\/uploads\/2023\/09\/jezael-melgoza-326121-unsplash-768x672.jpg 768w, https:\/\/wrapcompliance.org\/wp-content\/uploads\/2023\/09\/jezael-melgoza-326121-unsplash-14x12.jpg 14w, https:\/\/wrapcompliance.org\/wp-content\/uploads\/2023\/09\/jezael-melgoza-326121-unsplash.jpg 800w\" sizes=\"auto, (max-width: 600px) 100vw, 600px\" \/><\/a>\n<h3 class=\"title\"><a href=\"https:\/\/wrapcompliance.org\/vi\/wrap-sponsors-caf-webinar-on-forced-and-child-labor-regulations-in-canada\/\">WRAP sponsors CAF webinar on forced and child labor regulations in Canada<\/a><\/h3>\n<div class=\"content\"><p>Join our President &#038; CEO at a webinar helping businesses understand Canadian legislation addressing forced labor and child labor in supply chains<\/p>\n<\/div><a href=\"https:\/\/wrapcompliance.org\/vi\/wrap-sponsors-caf-webinar-on-forced-and-child-labor-regulations-in-canada\/\" class=\"more\" aria-label=\"Read More\"><svg class=\"icon svg-icon icon-arrow-right \"><use xlink:href=\"https:\/\/wrapcompliance.org\/wp-content\/themes\/wrapcompliance\/images\/icons.svg#icon-arrow-right\"><\/use><\/svg><\/a>\n<\/div>","_links":{"self":[{"href":"https:\/\/wrapcompliance.org\/vi\/wp-json\/wp\/v2\/posts\/2331259","targetHints":{"allow":["GET"]}}],"collection":[{"href":"https:\/\/wrapcompliance.org\/vi\/wp-json\/wp\/v2\/posts"}],"about":[{"href":"https:\/\/wrapcompliance.org\/vi\/wp-json\/wp\/v2\/types\/post"}],"author":[{"embeddable":true,"href":"https:\/\/wrapcompliance.org\/vi\/wp-json\/wp\/v2\/users\/3"}],"replies":[{"embeddable":true,"href":"https:\/\/wrapcompliance.org\/vi\/wp-json\/wp\/v2\/comments?post=2331259"}],"version-history":[{"count":0,"href":"https:\/\/wrapcompliance.org\/vi\/wp-json\/wp\/v2\/posts\/2331259\/revisions"}],"wp:featuredmedia":[{"embeddable":true,"href":"https:\/\/wrapcompliance.org\/vi\/wp-json\/wp\/v2\/media\/2331260"}],"wp:attachment":[{"href":"https:\/\/wrapcompliance.org\/vi\/wp-json\/wp\/v2\/media?parent=2331259"}],"wp:term":[{"taxonomy":"category","embeddable":true,"href":"https:\/\/wrapcompliance.org\/vi\/wp-json\/wp\/v2\/categories?post=2331259"},{"taxonomy":"partner","embeddable":true,"href":"https:\/\/wrapcompliance.org\/vi\/wp-json\/wp\/v2\/partner?post=2331259"},{"taxonomy":"topic","embeddable":true,"href":"https:\/\/wrapcompliance.org\/vi\/wp-json\/wp\/v2\/topic?post=2331259"},{"taxonomy":"taxonomy-author","embeddable":true,"href":"https:\/\/wrapcompliance.org\/vi\/wp-json\/wp\/v2\/taxonomy-author?post=2331259"}],"curies":[{"name":"wp","href":"https:\/\/api.w.org\/{rel}","templated":true}]}}