{"id":25394,"date":"2021-12-17T08:48:00","date_gmt":"2021-12-17T13:48:00","guid":{"rendered":"https:\/\/wrapcompliance.org\/?p=25394"},"modified":"2022-10-27T11:36:01","modified_gmt":"2022-10-27T15:36:01","slug":"apparel-industry-labor-issues-in-supply-chains","status":"publish","type":"post","link":"https:\/\/wrapcompliance.org\/vi\/apparel-industry-labor-issues-in-supply-chains\/","title":{"rendered":"C\u00e1c v\u1ea5n \u0111\u1ec1 lao \u0111\u1ed9ng c\u1ee7a ng\u00e0nh c\u00f4ng nghi\u1ec7p may m\u1eb7c trong chu\u1ed7i cung \u1ee9ng"},"content":{"rendered":"<p class=\"appear-on-scroll\">Avedis Seferian, Ch\u1ee7 t\u1ecbch v\u00e0 Gi\u00e1m \u0111\u1ed1c \u0111i\u1ec1u h\u00e0nh c\u1ee7a WRAP, \u0111\u00e3 tham gia Hi\u1ec7p h\u1ed9i Gi\u00e0y d\u00e9p &amp; May m\u1eb7c Hoa K\u1ef3 (AAFA) \u0111\u1ec3 th\u1ea3o lu\u1eadn v\u1ec1 c\u00e1c v\u1ea5n \u0111\u1ec1 lao \u0111\u1ed9ng trong chu\u1ed7i cung \u1ee9ng v\u00e0 ng\u00e0nh c\u00f4ng nghi\u1ec7p may m\u1eb7c n\u00f3i chung.&nbsp;<\/p>\n\n\n<script src=\"https:\/\/fast.wistia.com\/embed\/medias\/q7584bq6ni.jsonp\" async=\"\"><\/script><script src=\"https:\/\/fast.wistia.com\/assets\/external\/E-v1.js\" async=\"\"><\/script><div class=\"wistia_responsive_padding\" style=\"padding:56.25% 0 0 0;position:relative;\"><div class=\"wistia_responsive_wrapper\" style=\"height:100%;left:0;position:absolute;top:0;width:100%;\"><div class=\"wistia_embed wistia_async_q7584bq6ni videoFoam=true\" style=\"height:100%;position:relative;width:100%\"><div class=\"wistia_swatch\" style=\"height:100%;left:0;opacity:0;overflow:hidden;position:absolute;top:0;transition:opacity 200ms;width:100%;\"><img decoding=\"async\" src=\"https:\/\/fast.wistia.com\/embed\/medias\/q7584bq6ni\/swatch\" style=\"filter:blur(5px);height:100%;object-fit:contain;width:100%;\" alt=\"\" aria-hidden=\"true\" onload=\"this.parentNode.style.opacity=1;\"><\/div><\/div><\/div><\/div>","protected":false},"excerpt":{"rendered":"<p>Avedis Seferian, Ch\u1ee7 t\u1ecbch v\u00e0 Gi\u00e1m \u0111\u1ed1c \u0111i\u1ec1u h\u00e0nh c\u1ee7a WRAP, \u0111\u00e3 tham gia Hi\u1ec7p h\u1ed9i Gi\u00e0y d\u00e9p &amp; May m\u1eb7c Hoa K\u1ef3 (AAFA) \u0111\u1ec3 th\u1ea3o lu\u1eadn v\u1ec1 c\u00e1c v\u1ea5n \u0111\u1ec1 lao \u0111\u1ed9ng trong chu\u1ed7i cung \u1ee9ng v\u00e0 ng\u00e0nh c\u00f4ng nghi\u1ec7p may m\u1eb7c n\u00f3i chung.&nbsp;<\/p>","protected":false},"author":3,"featured_media":21775,"comment_status":"open","ping_status":"open","sticky":false,"template":"","format":"standard","meta":{"_acf_changed":false,"featured_image_background_position":"","hide_featured_image":true,"pinned":false,"footnotes":""},"categories":[956],"partner":[957],"topic":[962,964,963,966],"taxonomy-author":[947],"class_list":["post-25394","post","type-post","status-publish","format-standard","has-post-thumbnail","hentry","category-resources","partner-aafa","topic-compliance-issues","topic-due-diligence","topic-forced-labor","topic-supply-chains","taxonomy-author-avedis-h-seferian"],"acf":[],"yoast_head":"<!-- This site is optimized with the Yoast SEO plugin v27.4 - https:\/\/yoast.com\/product\/yoast-seo-wordpress\/ -->\n<title>Apparel industry labor issues in supply chains - WRAP Compliance<\/title>\n<meta name=\"robots\" content=\"index, follow, max-snippet:-1, max-image-preview:large, max-video-preview:-1\" \/>\n<link rel=\"canonical\" href=\"https:\/\/wrapcompliance.org\/vi\/apparel-industry-labor-issues-in-supply-chains\/\" \/>\n<meta property=\"og:locale\" content=\"vi_VN\" \/>\n<meta property=\"og:type\" content=\"article\" \/>\n<meta property=\"og:title\" content=\"Apparel industry labor issues in supply chains - WRAP Compliance\" \/>\n<meta property=\"og:description\" content=\"Avedis Seferian, WRAP&#8217;s President and CEO, joined the&nbsp;American Apparel &amp; Footwear Association (AAFA) to discuss labor issues in supply chains and the apparel industry at large.&nbsp;\" \/>\n<meta property=\"og:url\" content=\"https:\/\/wrapcompliance.org\/vi\/apparel-industry-labor-issues-in-supply-chains\/\" \/>\n<meta property=\"og:site_name\" content=\"WRAP Compliance\" \/>\n<meta property=\"article:publisher\" content=\"https:\/\/www.facebook.com\/WRAPcompliance\/\" \/>\n<meta property=\"article:published_time\" content=\"2021-12-17T13:48:00+00:00\" \/>\n<meta property=\"article:modified_time\" content=\"2022-10-27T15:36:01+00:00\" \/>\n<meta property=\"og:image\" content=\"https:\/\/wrapcompliance.org\/wp-content\/uploads\/2021\/12\/9d3ccaec-5f7b-11ec-aa9d-525400ed7ed0.png\" \/>\n\t<meta property=\"og:image:width\" content=\"700\" \/>\n\t<meta property=\"og:image:height\" content=\"360\" \/>\n\t<meta property=\"og:image:type\" content=\"image\/png\" \/>\n<meta name=\"author\" content=\"WRAP\" \/>\n<meta name=\"twitter:card\" content=\"summary_large_image\" \/>\n<meta name=\"twitter:creator\" content=\"@wrapcompliance\" \/>\n<meta name=\"twitter:site\" content=\"@wrapcompliance\" \/>\n<meta name=\"twitter:label1\" content=\"\u0110\u01b0\u1ee3c vi\u1ebft b\u1edfi\" \/>\n\t<meta name=\"twitter:data1\" content=\"WRAP\" \/>\n\t<meta name=\"twitter:label2\" content=\"\u01af\u1edbc t\u00ednh th\u1eddi gian \u0111\u1ecdc\" \/>\n\t<meta name=\"twitter:data2\" content=\"1 ph\u00fat\" \/>\n<script type=\"application\/ld+json\" class=\"yoast-schema-graph\">{\"@context\":\"https:\\\/\\\/schema.org\",\"@graph\":[{\"@type\":\"Article\",\"@id\":\"https:\\\/\\\/wrapcompliance.org\\\/apparel-industry-labor-issues-in-supply-chains\\\/#article\",\"isPartOf\":{\"@id\":\"https:\\\/\\\/wrapcompliance.org\\\/apparel-industry-labor-issues-in-supply-chains\\\/\"},\"author\":{\"name\":\"WRAP\",\"@id\":\"https:\\\/\\\/wrapcompliance.org\\\/en\\\/#\\\/schema\\\/person\\\/cc32b665716c7f17c9dab13010c85aab\"},\"headline\":\"Apparel industry labor issues in supply chains\",\"datePublished\":\"2021-12-17T13:48:00+00:00\",\"dateModified\":\"2022-10-27T15:36:01+00:00\",\"mainEntityOfPage\":{\"@id\":\"https:\\\/\\\/wrapcompliance.org\\\/apparel-industry-labor-issues-in-supply-chains\\\/\"},\"wordCount\":37,\"commentCount\":0,\"publisher\":{\"@id\":\"https:\\\/\\\/wrapcompliance.org\\\/en\\\/#organization\"},\"image\":{\"@id\":\"https:\\\/\\\/wrapcompliance.org\\\/apparel-industry-labor-issues-in-supply-chains\\\/#primaryimage\"},\"thumbnailUrl\":\"https:\\\/\\\/wrapcompliance.org\\\/wp-content\\\/uploads\\\/2021\\\/12\\\/9d3ccaec-5f7b-11ec-aa9d-525400ed7ed0.png\",\"articleSection\":[\"Resources\"],\"inLanguage\":\"vi\",\"potentialAction\":[{\"@type\":\"CommentAction\",\"name\":\"Comment\",\"target\":[\"https:\\\/\\\/wrapcompliance.org\\\/apparel-industry-labor-issues-in-supply-chains\\\/#respond\"]}]},{\"@type\":\"WebPage\",\"@id\":\"https:\\\/\\\/wrapcompliance.org\\\/apparel-industry-labor-issues-in-supply-chains\\\/\",\"url\":\"https:\\\/\\\/wrapcompliance.org\\\/apparel-industry-labor-issues-in-supply-chains\\\/\",\"name\":\"Apparel industry labor issues in supply chains - WRAP Compliance\",\"isPartOf\":{\"@id\":\"https:\\\/\\\/wrapcompliance.org\\\/en\\\/#website\"},\"primaryImageOfPage\":{\"@id\":\"https:\\\/\\\/wrapcompliance.org\\\/apparel-industry-labor-issues-in-supply-chains\\\/#primaryimage\"},\"image\":{\"@id\":\"https:\\\/\\\/wrapcompliance.org\\\/apparel-industry-labor-issues-in-supply-chains\\\/#primaryimage\"},\"thumbnailUrl\":\"https:\\\/\\\/wrapcompliance.org\\\/wp-content\\\/uploads\\\/2021\\\/12\\\/9d3ccaec-5f7b-11ec-aa9d-525400ed7ed0.png\",\"datePublished\":\"2021-12-17T13:48:00+00:00\",\"dateModified\":\"2022-10-27T15:36:01+00:00\",\"breadcrumb\":{\"@id\":\"https:\\\/\\\/wrapcompliance.org\\\/apparel-industry-labor-issues-in-supply-chains\\\/#breadcrumb\"},\"inLanguage\":\"vi\",\"potentialAction\":[{\"@type\":\"ReadAction\",\"target\":[\"https:\\\/\\\/wrapcompliance.org\\\/apparel-industry-labor-issues-in-supply-chains\\\/\"]}]},{\"@type\":\"ImageObject\",\"inLanguage\":\"vi\",\"@id\":\"https:\\\/\\\/wrapcompliance.org\\\/apparel-industry-labor-issues-in-supply-chains\\\/#primaryimage\",\"url\":\"https:\\\/\\\/wrapcompliance.org\\\/wp-content\\\/uploads\\\/2021\\\/12\\\/9d3ccaec-5f7b-11ec-aa9d-525400ed7ed0.png\",\"contentUrl\":\"https:\\\/\\\/wrapcompliance.org\\\/wp-content\\\/uploads\\\/2021\\\/12\\\/9d3ccaec-5f7b-11ec-aa9d-525400ed7ed0.png\",\"width\":700,\"height\":360},{\"@type\":\"BreadcrumbList\",\"@id\":\"https:\\\/\\\/wrapcompliance.org\\\/apparel-industry-labor-issues-in-supply-chains\\\/#breadcrumb\",\"itemListElement\":[{\"@type\":\"ListItem\",\"position\":1,\"name\":\"Home\",\"item\":\"https:\\\/\\\/wrapcompliance.org\\\/\"},{\"@type\":\"ListItem\",\"position\":2,\"name\":\"Apparel industry labor issues in supply chains\"}]},{\"@type\":\"WebSite\",\"@id\":\"https:\\\/\\\/wrapcompliance.org\\\/en\\\/#website\",\"url\":\"https:\\\/\\\/wrapcompliance.org\\\/en\\\/\",\"name\":\"WRAP Compliance\",\"description\":\"Ensuring production facilities operate in a safe, responsible, and ethical way. Through our 12 Principles, we promote lawful, humane manufacturing in facilities throughout the world via our Certification and Training programs.\",\"publisher\":{\"@id\":\"https:\\\/\\\/wrapcompliance.org\\\/en\\\/#organization\"},\"potentialAction\":[{\"@type\":\"SearchAction\",\"target\":{\"@type\":\"EntryPoint\",\"urlTemplate\":\"https:\\\/\\\/wrapcompliance.org\\\/en\\\/?s={search_term_string}\"},\"query-input\":{\"@type\":\"PropertyValueSpecification\",\"valueRequired\":true,\"valueName\":\"search_term_string\"}}],\"inLanguage\":\"vi\"},{\"@type\":\"Organization\",\"@id\":\"https:\\\/\\\/wrapcompliance.org\\\/en\\\/#organization\",\"name\":\"Worldwide Responsible Accredited Production\",\"alternateName\":\"WRAP Compliance\",\"url\":\"https:\\\/\\\/wrapcompliance.org\\\/en\\\/\",\"logo\":{\"@type\":\"ImageObject\",\"inLanguage\":\"vi\",\"@id\":\"https:\\\/\\\/wrapcompliance.org\\\/en\\\/#\\\/schema\\\/logo\\\/image\\\/\",\"url\":\"https:\\\/\\\/wrapcompliance.org\\\/wp-content\\\/uploads\\\/2022\\\/03\\\/WRAP_Logo_Update_Color_RGB.png\",\"contentUrl\":\"https:\\\/\\\/wrapcompliance.org\\\/wp-content\\\/uploads\\\/2022\\\/03\\\/WRAP_Logo_Update_Color_RGB.png\",\"width\":3601,\"height\":3451,\"caption\":\"Worldwide Responsible Accredited Production\"},\"image\":{\"@id\":\"https:\\\/\\\/wrapcompliance.org\\\/en\\\/#\\\/schema\\\/logo\\\/image\\\/\"},\"sameAs\":[\"https:\\\/\\\/www.facebook.com\\\/WRAPcompliance\\\/\",\"https:\\\/\\\/x.com\\\/wrapcompliance\",\"https:\\\/\\\/www.linkedin.com\\\/company\\\/wrapcompliance\"]},{\"@type\":\"Person\",\"@id\":\"https:\\\/\\\/wrapcompliance.org\\\/en\\\/#\\\/schema\\\/person\\\/cc32b665716c7f17c9dab13010c85aab\",\"name\":\"WRAP\",\"image\":{\"@type\":\"ImageObject\",\"inLanguage\":\"vi\",\"@id\":\"https:\\\/\\\/secure.gravatar.com\\\/avatar\\\/addc8a35a212daf9ed8aad6e6933dd0530f5ba6e2472abe14295d01da27fe14a?s=96&d=mm&r=g\",\"url\":\"https:\\\/\\\/secure.gravatar.com\\\/avatar\\\/addc8a35a212daf9ed8aad6e6933dd0530f5ba6e2472abe14295d01da27fe14a?s=96&d=mm&r=g\",\"contentUrl\":\"https:\\\/\\\/secure.gravatar.com\\\/avatar\\\/addc8a35a212daf9ed8aad6e6933dd0530f5ba6e2472abe14295d01da27fe14a?s=96&d=mm&r=g\",\"caption\":\"WRAP\"},\"description\":\"WRAP is an independent, objective, non-profit team of global social compliance experts dedicated to promoting safe, lawful, humane, and ethical manufacturing around the world through certification and education.\",\"url\":\"https:\\\/\\\/wrapcompliance.org\\\/vi\\\/author\\\/wrap\\\/\"}]}<\/script>\n<!-- \/ Yoast SEO plugin. -->","yoast_head_json":{"title":"C\u00e1c v\u1ea5n \u0111\u1ec1 lao \u0111\u1ed9ng trong ng\u00e0nh may m\u1eb7c trong chu\u1ed7i cung \u1ee9ng - Tu\u00e2n th\u1ee7 WRAP","robots":{"index":"index","follow":"follow","max-snippet":"max-snippet:-1","max-image-preview":"max-image-preview:large","max-video-preview":"max-video-preview:-1"},"canonical":"https:\/\/wrapcompliance.org\/vi\/apparel-industry-labor-issues-in-supply-chains\/","og_locale":"vi_VN","og_type":"article","og_title":"Apparel industry labor issues in supply chains - WRAP Compliance","og_description":"Avedis Seferian, WRAP&#8217;s President and CEO, joined the&nbsp;American Apparel &amp; Footwear Association (AAFA) to discuss labor issues in supply chains and the apparel industry at large.&nbsp;","og_url":"https:\/\/wrapcompliance.org\/vi\/apparel-industry-labor-issues-in-supply-chains\/","og_site_name":"WRAP Compliance","article_publisher":"https:\/\/www.facebook.com\/WRAPcompliance\/","article_published_time":"2021-12-17T13:48:00+00:00","article_modified_time":"2022-10-27T15:36:01+00:00","og_image":[{"width":700,"height":360,"url":"https:\/\/wrapcompliance.org\/wp-content\/uploads\/2021\/12\/9d3ccaec-5f7b-11ec-aa9d-525400ed7ed0.png","type":"image\/png"}],"author":"WRAP","twitter_card":"summary_large_image","twitter_creator":"@wrapcompliance","twitter_site":"@wrapcompliance","twitter_misc":{"\u0110\u01b0\u1ee3c vi\u1ebft b\u1edfi":"WRAP","\u01af\u1edbc t\u00ednh th\u1eddi gian \u0111\u1ecdc":"1 ph\u00fat"},"schema":{"@context":"https:\/\/schema.org","@graph":[{"@type":"Article","@id":"https:\/\/wrapcompliance.org\/apparel-industry-labor-issues-in-supply-chains\/#article","isPartOf":{"@id":"https:\/\/wrapcompliance.org\/apparel-industry-labor-issues-in-supply-chains\/"},"author":{"name":"WRAP","@id":"https:\/\/wrapcompliance.org\/en\/#\/schema\/person\/cc32b665716c7f17c9dab13010c85aab"},"headline":"Apparel industry labor issues in supply chains","datePublished":"2021-12-17T13:48:00+00:00","dateModified":"2022-10-27T15:36:01+00:00","mainEntityOfPage":{"@id":"https:\/\/wrapcompliance.org\/apparel-industry-labor-issues-in-supply-chains\/"},"wordCount":37,"commentCount":0,"publisher":{"@id":"https:\/\/wrapcompliance.org\/en\/#organization"},"image":{"@id":"https:\/\/wrapcompliance.org\/apparel-industry-labor-issues-in-supply-chains\/#primaryimage"},"thumbnailUrl":"https:\/\/wrapcompliance.org\/wp-content\/uploads\/2021\/12\/9d3ccaec-5f7b-11ec-aa9d-525400ed7ed0.png","articleSection":["Resources"],"inLanguage":"vi","potentialAction":[{"@type":"CommentAction","name":"Comment","target":["https:\/\/wrapcompliance.org\/apparel-industry-labor-issues-in-supply-chains\/#respond"]}]},{"@type":"WebPage","@id":"https:\/\/wrapcompliance.org\/apparel-industry-labor-issues-in-supply-chains\/","url":"https:\/\/wrapcompliance.org\/apparel-industry-labor-issues-in-supply-chains\/","name":"C\u00e1c v\u1ea5n \u0111\u1ec1 lao \u0111\u1ed9ng trong ng\u00e0nh may m\u1eb7c trong chu\u1ed7i cung \u1ee9ng - Tu\u00e2n th\u1ee7 WRAP","isPartOf":{"@id":"https:\/\/wrapcompliance.org\/en\/#website"},"primaryImageOfPage":{"@id":"https:\/\/wrapcompliance.org\/apparel-industry-labor-issues-in-supply-chains\/#primaryimage"},"image":{"@id":"https:\/\/wrapcompliance.org\/apparel-industry-labor-issues-in-supply-chains\/#primaryimage"},"thumbnailUrl":"https:\/\/wrapcompliance.org\/wp-content\/uploads\/2021\/12\/9d3ccaec-5f7b-11ec-aa9d-525400ed7ed0.png","datePublished":"2021-12-17T13:48:00+00:00","dateModified":"2022-10-27T15:36:01+00:00","breadcrumb":{"@id":"https:\/\/wrapcompliance.org\/apparel-industry-labor-issues-in-supply-chains\/#breadcrumb"},"inLanguage":"vi","potentialAction":[{"@type":"ReadAction","target":["https:\/\/wrapcompliance.org\/apparel-industry-labor-issues-in-supply-chains\/"]}]},{"@type":"ImageObject","inLanguage":"vi","@id":"https:\/\/wrapcompliance.org\/apparel-industry-labor-issues-in-supply-chains\/#primaryimage","url":"https:\/\/wrapcompliance.org\/wp-content\/uploads\/2021\/12\/9d3ccaec-5f7b-11ec-aa9d-525400ed7ed0.png","contentUrl":"https:\/\/wrapcompliance.org\/wp-content\/uploads\/2021\/12\/9d3ccaec-5f7b-11ec-aa9d-525400ed7ed0.png","width":700,"height":360},{"@type":"BreadcrumbList","@id":"https:\/\/wrapcompliance.org\/apparel-industry-labor-issues-in-supply-chains\/#breadcrumb","itemListElement":[{"@type":"ListItem","position":1,"name":"Home","item":"https:\/\/wrapcompliance.org\/"},{"@type":"ListItem","position":2,"name":"Apparel industry labor issues in supply chains"}]},{"@type":"WebSite","@id":"https:\/\/wrapcompliance.org\/en\/#website","url":"https:\/\/wrapcompliance.org\/en\/","name":"Tu\u00e2n th\u1ee7 WRAP","description":"\u0110\u1ea3m b\u1ea3o c\u00e1c c\u01a1 s\u1edf s\u1ea3n xu\u1ea5t ho\u1ea1t \u0111\u1ed9ng m\u1ed9t c\u00e1ch an to\u00e0n, c\u00f3 tr\u00e1ch nhi\u1ec7m v\u00e0 \u0111\u1ea1o \u0111\u1ee9c. Th\u00f4ng qua 12 Nguy\u00ean t\u1eafc c\u1ee7a m\u00ecnh, ch\u00fang t\u00f4i th\u00fac \u0111\u1ea9y ho\u1ea1t \u0111\u1ed9ng s\u1ea3n xu\u1ea5t h\u1ee3p ph\u00e1p, nh\u00e2n \u0111\u1ea1o t\u1ea1i c\u00e1c c\u01a1 s\u1edf tr\u00ean to\u00e0n th\u1ebf gi\u1edbi th\u00f4ng qua c\u00e1c ch\u01b0\u01a1ng tr\u00ecnh Ch\u1ee9ng nh\u1eadn v\u00e0 \u0110\u00e0o t\u1ea1o c\u1ee7a m\u00ecnh.","publisher":{"@id":"https:\/\/wrapcompliance.org\/en\/#organization"},"potentialAction":[{"@type":"SearchAction","target":{"@type":"EntryPoint","urlTemplate":"https:\/\/wrapcompliance.org\/en\/?s={search_term_string}"},"query-input":{"@type":"PropertyValueSpecification","valueRequired":true,"valueName":"search_term_string"}}],"inLanguage":"vi"},{"@type":"Organization","@id":"https:\/\/wrapcompliance.org\/en\/#organization","name":"S\u1ea3n xu\u1ea5t \u0111\u01b0\u1ee3c c\u00f4ng nh\u1eadn c\u00f3 tr\u00e1ch nhi\u1ec7m tr\u00ean to\u00e0n th\u1ebf gi\u1edbi","alternateName":"WRAP Compliance","url":"https:\/\/wrapcompliance.org\/en\/","logo":{"@type":"ImageObject","inLanguage":"vi","@id":"https:\/\/wrapcompliance.org\/en\/#\/schema\/logo\/image\/","url":"https:\/\/wrapcompliance.org\/wp-content\/uploads\/2022\/03\/WRAP_Logo_Update_Color_RGB.png","contentUrl":"https:\/\/wrapcompliance.org\/wp-content\/uploads\/2022\/03\/WRAP_Logo_Update_Color_RGB.png","width":3601,"height":3451,"caption":"Worldwide Responsible Accredited Production"},"image":{"@id":"https:\/\/wrapcompliance.org\/en\/#\/schema\/logo\/image\/"},"sameAs":["https:\/\/www.facebook.com\/WRAPcompliance\/","https:\/\/x.com\/wrapcompliance","https:\/\/www.linkedin.com\/company\/wrapcompliance"]},{"@type":"Person","@id":"https:\/\/wrapcompliance.org\/en\/#\/schema\/person\/cc32b665716c7f17c9dab13010c85aab","name":"B\u1eccC","image":{"@type":"ImageObject","inLanguage":"vi","@id":"https:\/\/secure.gravatar.com\/avatar\/addc8a35a212daf9ed8aad6e6933dd0530f5ba6e2472abe14295d01da27fe14a?s=96&d=mm&r=g","url":"https:\/\/secure.gravatar.com\/avatar\/addc8a35a212daf9ed8aad6e6933dd0530f5ba6e2472abe14295d01da27fe14a?s=96&d=mm&r=g","contentUrl":"https:\/\/secure.gravatar.com\/avatar\/addc8a35a212daf9ed8aad6e6933dd0530f5ba6e2472abe14295d01da27fe14a?s=96&d=mm&r=g","caption":"WRAP"},"description":"WRAP l\u00e0 m\u1ed9t nh\u00f3m chuy\u00ean gia tu\u00e2n th\u1ee7 x\u00e3 h\u1ed9i to\u00e0n c\u1ea7u \u0111\u1ed9c l\u1eadp, kh\u00e1ch quan v\u00e0 phi l\u1ee3i nhu\u1eadn, chuy\u00ean th\u00fac \u0111\u1ea9y s\u1ea3n xu\u1ea5t an to\u00e0n, h\u1ee3p ph\u00e1p, nh\u00e2n \u0111\u1ea1o v\u00e0 c\u00f3 \u0111\u1ea1o \u0111\u1ee9c tr\u00ean to\u00e0n th\u1ebf gi\u1edbi th\u00f4ng qua ch\u1ee9ng nh\u1eadn v\u00e0 gi\u00e1o d\u1ee5c.","url":"https:\/\/wrapcompliance.org\/vi\/author\/wrap\/"}]}},"rendered-html":"<div class=\"excerpt clickable post-25394 post type-post status-publish format-standard has-post-thumbnail hentry category-resources partner-aafa topic-compliance-issues topic-due-diligence topic-forced-labor topic-supply-chains taxonomy-author-avedis-h-seferian\" data-href=\"https:\/\/wrapcompliance.org\/vi\/apparel-industry-labor-issues-in-supply-chains\/\">\n<a href=\"https:\/\/wrapcompliance.org\/vi\/apparel-industry-labor-issues-in-supply-chains\/\" aria-label=\"Apparel industry labor issues in supply chains\" class=\"thumbnail\"><img width=\"600\" height=\"309\" src=\"https:\/\/wrapcompliance.org\/wp-content\/uploads\/2021\/12\/9d3ccaec-5f7b-11ec-aa9d-525400ed7ed0.png\" class=\"attachment-post-thumb size-post-thumb\" alt=\"\" style=\"\" decoding=\"async\" loading=\"lazy\" srcset=\"https:\/\/wrapcompliance.org\/wp-content\/uploads\/2021\/12\/9d3ccaec-5f7b-11ec-aa9d-525400ed7ed0.png 700w, https:\/\/wrapcompliance.org\/wp-content\/uploads\/2021\/12\/9d3ccaec-5f7b-11ec-aa9d-525400ed7ed0-300x154.png 300w, https:\/\/wrapcompliance.org\/wp-content\/uploads\/2021\/12\/9d3ccaec-5f7b-11ec-aa9d-525400ed7ed0-600x309.png 600w\" sizes=\"auto, (max-width: 600px) 100vw, 600px\" \/><\/a>\n<h3 class=\"title\"><a href=\"https:\/\/wrapcompliance.org\/vi\/apparel-industry-labor-issues-in-supply-chains\/\">Apparel industry labor issues in supply chains<\/a><\/h3>\n<div class=\"content\"><p>Avedis Seferian, WRAP&#8217;s President and CEO, joined the&nbsp;American Apparel &amp; Footwear Association (AAFA) to discuss labor issues in supply chains and the apparel industry at large.&nbsp;<\/p>\n<\/div><a href=\"https:\/\/wrapcompliance.org\/vi\/apparel-industry-labor-issues-in-supply-chains\/\" class=\"more\" aria-label=\"Read More\"><svg class=\"icon svg-icon icon-arrow-right \"><use xlink:href=\"https:\/\/wrapcompliance.org\/wp-content\/themes\/wrapcompliance\/images\/icons.svg#icon-arrow-right\"><\/use><\/svg><\/a>\n<\/div>","_links":{"self":[{"href":"https:\/\/wrapcompliance.org\/vi\/wp-json\/wp\/v2\/posts\/25394","targetHints":{"allow":["GET"]}}],"collection":[{"href":"https:\/\/wrapcompliance.org\/vi\/wp-json\/wp\/v2\/posts"}],"about":[{"href":"https:\/\/wrapcompliance.org\/vi\/wp-json\/wp\/v2\/types\/post"}],"author":[{"embeddable":true,"href":"https:\/\/wrapcompliance.org\/vi\/wp-json\/wp\/v2\/users\/3"}],"replies":[{"embeddable":true,"href":"https:\/\/wrapcompliance.org\/vi\/wp-json\/wp\/v2\/comments?post=25394"}],"version-history":[{"count":0,"href":"https:\/\/wrapcompliance.org\/vi\/wp-json\/wp\/v2\/posts\/25394\/revisions"}],"wp:featuredmedia":[{"embeddable":true,"href":"https:\/\/wrapcompliance.org\/vi\/wp-json\/wp\/v2\/media\/21775"}],"wp:attachment":[{"href":"https:\/\/wrapcompliance.org\/vi\/wp-json\/wp\/v2\/media?parent=25394"}],"wp:term":[{"taxonomy":"category","embeddable":true,"href":"https:\/\/wrapcompliance.org\/vi\/wp-json\/wp\/v2\/categories?post=25394"},{"taxonomy":"partner","embeddable":true,"href":"https:\/\/wrapcompliance.org\/vi\/wp-json\/wp\/v2\/partner?post=25394"},{"taxonomy":"topic","embeddable":true,"href":"https:\/\/wrapcompliance.org\/vi\/wp-json\/wp\/v2\/topic?post=25394"},{"taxonomy":"taxonomy-author","embeddable":true,"href":"https:\/\/wrapcompliance.org\/vi\/wp-json\/wp\/v2\/taxonomy-author?post=25394"}],"curies":[{"name":"wp","href":"https:\/\/api.w.org\/{rel}","templated":true}]}}