{"id":28771,"date":"2023-04-03T20:24:16","date_gmt":"2023-04-04T00:24:16","guid":{"rendered":"https:\/\/wrapcompliance.org\/?p=28771"},"modified":"2023-04-11T10:16:21","modified_gmt":"2023-04-11T14:16:21","slug":"accountability-in-the-apparel-industry-10-years-after-rana-plaza","status":"publish","type":"post","link":"https:\/\/wrapcompliance.org\/vi\/accountability-in-the-apparel-industry-10-years-after-rana-plaza\/","title":{"rendered":"Tr\u00e1ch nhi\u1ec7m gi\u1ea3i tr\u00ecnh trong ng\u00e0nh may m\u1eb7c 10 n\u0103m sau Rana Plaza"},"content":{"rendered":"<p class=\"appear-on-scroll\">Ch\u1ee7 t\u1ecbch ki\u00eam T\u1ed5ng gi\u00e1m \u0111\u1ed1c \u0111i\u1ec1u h\u00e0nh c\u1ee7a WRAP, Avedis Seferian, c\u00f9ng Ph\u00f3 ch\u1ee7 t\u1ecbch ch\u00ednh s\u00e1ch c\u1ee7a Hi\u1ec7p h\u1ed9i may m\u1eb7c v\u00e0 gi\u00e0y d\u00e9p Hoa K\u1ef3 (AAFA), Nate Herman, th\u1ea3o lu\u1eadn v\u1ec1 tr\u00e1ch nhi\u1ec7m gi\u1ea3i tr\u00ecnh trong ng\u00e0nh may m\u1eb7c tr\u01b0\u1edbc th\u1ec1m k\u1ef7 ni\u1ec7m 10 n\u0103m ng\u00e0y t\u00f2a nh\u00e0 Rana Plaza s\u1ee5p \u0111\u1ed5. <\/p>\n\n<blockquote  class=\"appear-on-scroll wp-block-quote is-style-plain is-layout-flow wp-block-quote-is-layout-flow\" >\n<div class=\"wp-block-columns is-style-default is-layout-flex wp-container-core-columns-is-layout-9d6595d7 wp-block-columns-is-layout-flex\">\n<div class=\"wp-block-column is-layout-flow wp-block-column-is-layout-flow\" style=\"flex-basis:100%\">\n<figure class=\"wp-block-embed is-type-wp-embed is-provider-wistia-inc wp-block-embed-wistia-inc\"><div class=\"wp-block-embed__wrapper\">\n<iframe loading=\"lazy\" class=\"wp-embedded-content\" sandbox=\"allow-scripts\" security=\"restricted\" title=\"Tr\u00e1ch nhi\u1ec7m gi\u1ea3i tr\u00ecnh trong ng\u00e0nh may m\u1eb7c 10 n\u0103m sau Video Rana Plaza\" src=\"https:\/\/fast.wistia.net\/embed\/iframe\/3zj1d1xfsz?dnt=1#?secret=skdQO38PPG\" data-secret=\"skdQO38PPG\" frameborder=\"0\" scrolling=\"no\" width=\"500\" height=\"281\"><\/iframe>\n<\/div><\/figure>\n<\/div>\n<\/div>\n<\/blockquote>","protected":false},"excerpt":{"rendered":"<p>Ch\u1ee7 t\u1ecbch ki\u00eam T\u1ed5ng gi\u00e1m \u0111\u1ed1c \u0111i\u1ec1u h\u00e0nh c\u1ee7a WRAP, Avedis Seferian, c\u00f9ng Ph\u00f3 ch\u1ee7 t\u1ecbch ch\u00ednh s\u00e1ch c\u1ee7a Hi\u1ec7p h\u1ed9i may m\u1eb7c v\u00e0 gi\u00e0y d\u00e9p Hoa K\u1ef3 (AAFA), Nate Herman, th\u1ea3o lu\u1eadn v\u1ec1 tr\u00e1ch nhi\u1ec7m gi\u1ea3i tr\u00ecnh trong ng\u00e0nh may m\u1eb7c tr\u01b0\u1edbc th\u1ec1m k\u1ef7 ni\u1ec7m 10 n\u0103m ng\u00e0y t\u00f2a nh\u00e0 Rana Plaza s\u1ee5p \u0111\u1ed5.<\/p>","protected":false},"author":3,"featured_media":28905,"comment_status":"open","ping_status":"open","sticky":false,"template":"","format":"standard","meta":{"_acf_changed":false,"featured_image_background_position":"26% 77%","hide_featured_image":true,"pinned":false,"footnotes":""},"categories":[956],"partner":[957],"topic":[925,924,962,964,926,965,966],"taxonomy-author":[947],"class_list":["post-28771","post","type-post","status-publish","format-standard","has-post-thumbnail","hentry","category-resources","partner-aafa","topic-audits","topic-certification","topic-compliance-issues","topic-due-diligence","topic-facilities","topic-safety-and-health","topic-supply-chains","taxonomy-author-avedis-h-seferian"],"acf":[],"yoast_head":"<!-- This site is optimized with the Yoast SEO plugin v27.3 - https:\/\/yoast.com\/product\/yoast-seo-wordpress\/ -->\n<title>Accountability in the apparel industry 10 years after Rana Plaza - WRAP Compliance<\/title>\n<meta name=\"robots\" content=\"index, follow, max-snippet:-1, max-image-preview:large, max-video-preview:-1\" \/>\n<link rel=\"canonical\" href=\"https:\/\/wrapcompliance.org\/vi\/accountability-in-the-apparel-industry-10-years-after-rana-plaza\/\" \/>\n<meta property=\"og:locale\" content=\"vi_VN\" \/>\n<meta property=\"og:type\" content=\"article\" \/>\n<meta property=\"og:title\" content=\"Accountability in the apparel industry 10 years after Rana Plaza - WRAP Compliance\" \/>\n<meta property=\"og:description\" content=\"WRAP&#8217;s President and CEO, Avedis Seferian, joins the American Apparel &amp; Footwear Association (AAFA)&#8217;s Vice President of Policy, Nate Herman, for a discussion on accountability in the apparel industry ahead of the 10-year anniversary of the collapse of Rana Plaza.\" \/>\n<meta property=\"og:url\" content=\"https:\/\/wrapcompliance.org\/vi\/accountability-in-the-apparel-industry-10-years-after-rana-plaza\/\" \/>\n<meta property=\"og:site_name\" content=\"WRAP Compliance\" \/>\n<meta property=\"article:publisher\" content=\"https:\/\/www.facebook.com\/WRAPcompliance\/\" \/>\n<meta property=\"article:published_time\" content=\"2023-04-04T00:24:16+00:00\" \/>\n<meta property=\"article:modified_time\" content=\"2023-04-11T14:16:21+00:00\" \/>\n<meta property=\"og:image\" content=\"https:\/\/wrapcompliance.org\/wp-content\/uploads\/2023\/04\/Accountability-in-the-apparel-industry-10-years-after-Rana-Plaza-Facebook-Post-Landscape-1.png\" \/>\n\t<meta property=\"og:image:width\" content=\"940\" \/>\n\t<meta property=\"og:image:height\" content=\"788\" \/>\n\t<meta property=\"og:image:type\" content=\"image\/png\" \/>\n<meta name=\"author\" content=\"WRAP\" \/>\n<meta name=\"twitter:card\" content=\"summary_large_image\" \/>\n<meta name=\"twitter:creator\" content=\"@wrapcompliance\" \/>\n<meta name=\"twitter:site\" content=\"@wrapcompliance\" \/>\n<meta name=\"twitter:label1\" content=\"\u0110\u01b0\u1ee3c vi\u1ebft b\u1edfi\" \/>\n\t<meta name=\"twitter:data1\" content=\"WRAP\" \/>\n\t<meta name=\"twitter:label2\" content=\"\u01af\u1edbc t\u00ednh th\u1eddi gian \u0111\u1ecdc\" \/>\n\t<meta name=\"twitter:data2\" content=\"1 ph\u00fat\" \/>\n<script type=\"application\/ld+json\" class=\"yoast-schema-graph\">{\"@context\":\"https:\\\/\\\/schema.org\",\"@graph\":[{\"@type\":\"Article\",\"@id\":\"https:\\\/\\\/wrapcompliance.org\\\/accountability-in-the-apparel-industry-10-years-after-rana-plaza\\\/#article\",\"isPartOf\":{\"@id\":\"https:\\\/\\\/wrapcompliance.org\\\/accountability-in-the-apparel-industry-10-years-after-rana-plaza\\\/\"},\"author\":{\"name\":\"WRAP\",\"@id\":\"https:\\\/\\\/wrapcompliance.org\\\/en\\\/#\\\/schema\\\/person\\\/cc32b665716c7f17c9dab13010c85aab\"},\"headline\":\"Accountability in the apparel industry 10 years after Rana Plaza\",\"datePublished\":\"2023-04-04T00:24:16+00:00\",\"dateModified\":\"2023-04-11T14:16:21+00:00\",\"mainEntityOfPage\":{\"@id\":\"https:\\\/\\\/wrapcompliance.org\\\/accountability-in-the-apparel-industry-10-years-after-rana-plaza\\\/\"},\"wordCount\":59,\"commentCount\":0,\"publisher\":{\"@id\":\"https:\\\/\\\/wrapcompliance.org\\\/en\\\/#organization\"},\"image\":{\"@id\":\"https:\\\/\\\/wrapcompliance.org\\\/accountability-in-the-apparel-industry-10-years-after-rana-plaza\\\/#primaryimage\"},\"thumbnailUrl\":\"https:\\\/\\\/wrapcompliance.org\\\/wp-content\\\/uploads\\\/2023\\\/04\\\/Accountability-in-the-apparel-industry-10-years-after-Rana-Plaza-Facebook-Post-Landscape-1.png\",\"articleSection\":[\"Resources\"],\"inLanguage\":\"vi\",\"potentialAction\":[{\"@type\":\"CommentAction\",\"name\":\"Comment\",\"target\":[\"https:\\\/\\\/wrapcompliance.org\\\/accountability-in-the-apparel-industry-10-years-after-rana-plaza\\\/#respond\"]}]},{\"@type\":\"WebPage\",\"@id\":\"https:\\\/\\\/wrapcompliance.org\\\/accountability-in-the-apparel-industry-10-years-after-rana-plaza\\\/\",\"url\":\"https:\\\/\\\/wrapcompliance.org\\\/accountability-in-the-apparel-industry-10-years-after-rana-plaza\\\/\",\"name\":\"Accountability in the apparel industry 10 years after Rana Plaza - WRAP Compliance\",\"isPartOf\":{\"@id\":\"https:\\\/\\\/wrapcompliance.org\\\/en\\\/#website\"},\"primaryImageOfPage\":{\"@id\":\"https:\\\/\\\/wrapcompliance.org\\\/accountability-in-the-apparel-industry-10-years-after-rana-plaza\\\/#primaryimage\"},\"image\":{\"@id\":\"https:\\\/\\\/wrapcompliance.org\\\/accountability-in-the-apparel-industry-10-years-after-rana-plaza\\\/#primaryimage\"},\"thumbnailUrl\":\"https:\\\/\\\/wrapcompliance.org\\\/wp-content\\\/uploads\\\/2023\\\/04\\\/Accountability-in-the-apparel-industry-10-years-after-Rana-Plaza-Facebook-Post-Landscape-1.png\",\"datePublished\":\"2023-04-04T00:24:16+00:00\",\"dateModified\":\"2023-04-11T14:16:21+00:00\",\"breadcrumb\":{\"@id\":\"https:\\\/\\\/wrapcompliance.org\\\/accountability-in-the-apparel-industry-10-years-after-rana-plaza\\\/#breadcrumb\"},\"inLanguage\":\"vi\",\"potentialAction\":[{\"@type\":\"ReadAction\",\"target\":[\"https:\\\/\\\/wrapcompliance.org\\\/accountability-in-the-apparel-industry-10-years-after-rana-plaza\\\/\"]}]},{\"@type\":\"ImageObject\",\"inLanguage\":\"vi\",\"@id\":\"https:\\\/\\\/wrapcompliance.org\\\/accountability-in-the-apparel-industry-10-years-after-rana-plaza\\\/#primaryimage\",\"url\":\"https:\\\/\\\/wrapcompliance.org\\\/wp-content\\\/uploads\\\/2023\\\/04\\\/Accountability-in-the-apparel-industry-10-years-after-Rana-Plaza-Facebook-Post-Landscape-1.png\",\"contentUrl\":\"https:\\\/\\\/wrapcompliance.org\\\/wp-content\\\/uploads\\\/2023\\\/04\\\/Accountability-in-the-apparel-industry-10-years-after-Rana-Plaza-Facebook-Post-Landscape-1.png\",\"width\":940,\"height\":788},{\"@type\":\"BreadcrumbList\",\"@id\":\"https:\\\/\\\/wrapcompliance.org\\\/accountability-in-the-apparel-industry-10-years-after-rana-plaza\\\/#breadcrumb\",\"itemListElement\":[{\"@type\":\"ListItem\",\"position\":1,\"name\":\"Home\",\"item\":\"https:\\\/\\\/wrapcompliance.org\\\/\"},{\"@type\":\"ListItem\",\"position\":2,\"name\":\"Accountability in the apparel industry 10 years after Rana Plaza\"}]},{\"@type\":\"WebSite\",\"@id\":\"https:\\\/\\\/wrapcompliance.org\\\/en\\\/#website\",\"url\":\"https:\\\/\\\/wrapcompliance.org\\\/en\\\/\",\"name\":\"WRAP Compliance\",\"description\":\"Ensuring production facilities operate in a safe, responsible, and ethical way. Through our 12 Principles, we promote lawful, humane manufacturing in facilities throughout the world via our Certification and Training programs.\",\"publisher\":{\"@id\":\"https:\\\/\\\/wrapcompliance.org\\\/en\\\/#organization\"},\"potentialAction\":[{\"@type\":\"SearchAction\",\"target\":{\"@type\":\"EntryPoint\",\"urlTemplate\":\"https:\\\/\\\/wrapcompliance.org\\\/en\\\/?s={search_term_string}\"},\"query-input\":{\"@type\":\"PropertyValueSpecification\",\"valueRequired\":true,\"valueName\":\"search_term_string\"}}],\"inLanguage\":\"vi\"},{\"@type\":\"Organization\",\"@id\":\"https:\\\/\\\/wrapcompliance.org\\\/en\\\/#organization\",\"name\":\"Worldwide Responsible Accredited Production\",\"alternateName\":\"WRAP Compliance\",\"url\":\"https:\\\/\\\/wrapcompliance.org\\\/en\\\/\",\"logo\":{\"@type\":\"ImageObject\",\"inLanguage\":\"vi\",\"@id\":\"https:\\\/\\\/wrapcompliance.org\\\/en\\\/#\\\/schema\\\/logo\\\/image\\\/\",\"url\":\"https:\\\/\\\/wrapcompliance.org\\\/wp-content\\\/uploads\\\/2022\\\/03\\\/WRAP_Logo_Update_Color_RGB.png\",\"contentUrl\":\"https:\\\/\\\/wrapcompliance.org\\\/wp-content\\\/uploads\\\/2022\\\/03\\\/WRAP_Logo_Update_Color_RGB.png\",\"width\":3601,\"height\":3451,\"caption\":\"Worldwide Responsible Accredited Production\"},\"image\":{\"@id\":\"https:\\\/\\\/wrapcompliance.org\\\/en\\\/#\\\/schema\\\/logo\\\/image\\\/\"},\"sameAs\":[\"https:\\\/\\\/www.facebook.com\\\/WRAPcompliance\\\/\",\"https:\\\/\\\/x.com\\\/wrapcompliance\",\"https:\\\/\\\/www.linkedin.com\\\/company\\\/wrapcompliance\"]},{\"@type\":\"Person\",\"@id\":\"https:\\\/\\\/wrapcompliance.org\\\/en\\\/#\\\/schema\\\/person\\\/cc32b665716c7f17c9dab13010c85aab\",\"name\":\"WRAP\",\"image\":{\"@type\":\"ImageObject\",\"inLanguage\":\"vi\",\"@id\":\"https:\\\/\\\/secure.gravatar.com\\\/avatar\\\/addc8a35a212daf9ed8aad6e6933dd0530f5ba6e2472abe14295d01da27fe14a?s=96&d=mm&r=g\",\"url\":\"https:\\\/\\\/secure.gravatar.com\\\/avatar\\\/addc8a35a212daf9ed8aad6e6933dd0530f5ba6e2472abe14295d01da27fe14a?s=96&d=mm&r=g\",\"contentUrl\":\"https:\\\/\\\/secure.gravatar.com\\\/avatar\\\/addc8a35a212daf9ed8aad6e6933dd0530f5ba6e2472abe14295d01da27fe14a?s=96&d=mm&r=g\",\"caption\":\"WRAP\"},\"description\":\"WRAP is an independent, objective, non-profit team of global social compliance experts dedicated to promoting safe, lawful, humane, and ethical manufacturing around the world through certification and education.\",\"url\":\"https:\\\/\\\/wrapcompliance.org\\\/vi\\\/author\\\/wrap\\\/\"}]}<\/script>\n<!-- \/ Yoast SEO plugin. -->","yoast_head_json":{"title":"Tr\u00e1ch nhi\u1ec7m gi\u1ea3i tr\u00ecnh trong ng\u00e0nh may m\u1eb7c 10 n\u0103m sau v\u1ee5 Rana Plaza - Tu\u00e2n th\u1ee7 WRAP","robots":{"index":"index","follow":"follow","max-snippet":"max-snippet:-1","max-image-preview":"max-image-preview:large","max-video-preview":"max-video-preview:-1"},"canonical":"https:\/\/wrapcompliance.org\/vi\/accountability-in-the-apparel-industry-10-years-after-rana-plaza\/","og_locale":"vi_VN","og_type":"article","og_title":"Accountability in the apparel industry 10 years after Rana Plaza - WRAP Compliance","og_description":"WRAP&#8217;s President and CEO, Avedis Seferian, joins the American Apparel &amp; Footwear Association (AAFA)&#8217;s Vice President of Policy, Nate Herman, for a discussion on accountability in the apparel industry ahead of the 10-year anniversary of the collapse of Rana Plaza.","og_url":"https:\/\/wrapcompliance.org\/vi\/accountability-in-the-apparel-industry-10-years-after-rana-plaza\/","og_site_name":"WRAP Compliance","article_publisher":"https:\/\/www.facebook.com\/WRAPcompliance\/","article_published_time":"2023-04-04T00:24:16+00:00","article_modified_time":"2023-04-11T14:16:21+00:00","og_image":[{"width":940,"height":788,"url":"https:\/\/wrapcompliance.org\/wp-content\/uploads\/2023\/04\/Accountability-in-the-apparel-industry-10-years-after-Rana-Plaza-Facebook-Post-Landscape-1.png","type":"image\/png"}],"author":"WRAP","twitter_card":"summary_large_image","twitter_creator":"@wrapcompliance","twitter_site":"@wrapcompliance","twitter_misc":{"\u0110\u01b0\u1ee3c vi\u1ebft b\u1edfi":"WRAP","\u01af\u1edbc t\u00ednh th\u1eddi gian \u0111\u1ecdc":"1 ph\u00fat"},"schema":{"@context":"https:\/\/schema.org","@graph":[{"@type":"Article","@id":"https:\/\/wrapcompliance.org\/accountability-in-the-apparel-industry-10-years-after-rana-plaza\/#article","isPartOf":{"@id":"https:\/\/wrapcompliance.org\/accountability-in-the-apparel-industry-10-years-after-rana-plaza\/"},"author":{"name":"WRAP","@id":"https:\/\/wrapcompliance.org\/en\/#\/schema\/person\/cc32b665716c7f17c9dab13010c85aab"},"headline":"Accountability in the apparel industry 10 years after Rana Plaza","datePublished":"2023-04-04T00:24:16+00:00","dateModified":"2023-04-11T14:16:21+00:00","mainEntityOfPage":{"@id":"https:\/\/wrapcompliance.org\/accountability-in-the-apparel-industry-10-years-after-rana-plaza\/"},"wordCount":59,"commentCount":0,"publisher":{"@id":"https:\/\/wrapcompliance.org\/en\/#organization"},"image":{"@id":"https:\/\/wrapcompliance.org\/accountability-in-the-apparel-industry-10-years-after-rana-plaza\/#primaryimage"},"thumbnailUrl":"https:\/\/wrapcompliance.org\/wp-content\/uploads\/2023\/04\/Accountability-in-the-apparel-industry-10-years-after-Rana-Plaza-Facebook-Post-Landscape-1.png","articleSection":["Resources"],"inLanguage":"vi","potentialAction":[{"@type":"CommentAction","name":"Comment","target":["https:\/\/wrapcompliance.org\/accountability-in-the-apparel-industry-10-years-after-rana-plaza\/#respond"]}]},{"@type":"WebPage","@id":"https:\/\/wrapcompliance.org\/accountability-in-the-apparel-industry-10-years-after-rana-plaza\/","url":"https:\/\/wrapcompliance.org\/accountability-in-the-apparel-industry-10-years-after-rana-plaza\/","name":"Tr\u00e1ch nhi\u1ec7m gi\u1ea3i tr\u00ecnh trong ng\u00e0nh may m\u1eb7c 10 n\u0103m sau v\u1ee5 Rana Plaza - Tu\u00e2n th\u1ee7 WRAP","isPartOf":{"@id":"https:\/\/wrapcompliance.org\/en\/#website"},"primaryImageOfPage":{"@id":"https:\/\/wrapcompliance.org\/accountability-in-the-apparel-industry-10-years-after-rana-plaza\/#primaryimage"},"image":{"@id":"https:\/\/wrapcompliance.org\/accountability-in-the-apparel-industry-10-years-after-rana-plaza\/#primaryimage"},"thumbnailUrl":"https:\/\/wrapcompliance.org\/wp-content\/uploads\/2023\/04\/Accountability-in-the-apparel-industry-10-years-after-Rana-Plaza-Facebook-Post-Landscape-1.png","datePublished":"2023-04-04T00:24:16+00:00","dateModified":"2023-04-11T14:16:21+00:00","breadcrumb":{"@id":"https:\/\/wrapcompliance.org\/accountability-in-the-apparel-industry-10-years-after-rana-plaza\/#breadcrumb"},"inLanguage":"vi","potentialAction":[{"@type":"ReadAction","target":["https:\/\/wrapcompliance.org\/accountability-in-the-apparel-industry-10-years-after-rana-plaza\/"]}]},{"@type":"ImageObject","inLanguage":"vi","@id":"https:\/\/wrapcompliance.org\/accountability-in-the-apparel-industry-10-years-after-rana-plaza\/#primaryimage","url":"https:\/\/wrapcompliance.org\/wp-content\/uploads\/2023\/04\/Accountability-in-the-apparel-industry-10-years-after-Rana-Plaza-Facebook-Post-Landscape-1.png","contentUrl":"https:\/\/wrapcompliance.org\/wp-content\/uploads\/2023\/04\/Accountability-in-the-apparel-industry-10-years-after-Rana-Plaza-Facebook-Post-Landscape-1.png","width":940,"height":788},{"@type":"BreadcrumbList","@id":"https:\/\/wrapcompliance.org\/accountability-in-the-apparel-industry-10-years-after-rana-plaza\/#breadcrumb","itemListElement":[{"@type":"ListItem","position":1,"name":"Home","item":"https:\/\/wrapcompliance.org\/"},{"@type":"ListItem","position":2,"name":"Accountability in the apparel industry 10 years after Rana Plaza"}]},{"@type":"WebSite","@id":"https:\/\/wrapcompliance.org\/en\/#website","url":"https:\/\/wrapcompliance.org\/en\/","name":"Tu\u00e2n th\u1ee7 WRAP","description":"\u0110\u1ea3m b\u1ea3o c\u00e1c c\u01a1 s\u1edf s\u1ea3n xu\u1ea5t ho\u1ea1t \u0111\u1ed9ng m\u1ed9t c\u00e1ch an to\u00e0n, c\u00f3 tr\u00e1ch nhi\u1ec7m v\u00e0 \u0111\u1ea1o \u0111\u1ee9c. Th\u00f4ng qua 12 Nguy\u00ean t\u1eafc c\u1ee7a m\u00ecnh, ch\u00fang t\u00f4i th\u00fac \u0111\u1ea9y ho\u1ea1t \u0111\u1ed9ng s\u1ea3n xu\u1ea5t h\u1ee3p ph\u00e1p, nh\u00e2n \u0111\u1ea1o t\u1ea1i c\u00e1c c\u01a1 s\u1edf tr\u00ean to\u00e0n th\u1ebf gi\u1edbi th\u00f4ng qua c\u00e1c ch\u01b0\u01a1ng tr\u00ecnh Ch\u1ee9ng nh\u1eadn v\u00e0 \u0110\u00e0o t\u1ea1o c\u1ee7a m\u00ecnh.","publisher":{"@id":"https:\/\/wrapcompliance.org\/en\/#organization"},"potentialAction":[{"@type":"SearchAction","target":{"@type":"EntryPoint","urlTemplate":"https:\/\/wrapcompliance.org\/en\/?s={search_term_string}"},"query-input":{"@type":"PropertyValueSpecification","valueRequired":true,"valueName":"search_term_string"}}],"inLanguage":"vi"},{"@type":"Organization","@id":"https:\/\/wrapcompliance.org\/en\/#organization","name":"S\u1ea3n xu\u1ea5t \u0111\u01b0\u1ee3c c\u00f4ng nh\u1eadn c\u00f3 tr\u00e1ch nhi\u1ec7m tr\u00ean to\u00e0n th\u1ebf gi\u1edbi","alternateName":"WRAP Compliance","url":"https:\/\/wrapcompliance.org\/en\/","logo":{"@type":"ImageObject","inLanguage":"vi","@id":"https:\/\/wrapcompliance.org\/en\/#\/schema\/logo\/image\/","url":"https:\/\/wrapcompliance.org\/wp-content\/uploads\/2022\/03\/WRAP_Logo_Update_Color_RGB.png","contentUrl":"https:\/\/wrapcompliance.org\/wp-content\/uploads\/2022\/03\/WRAP_Logo_Update_Color_RGB.png","width":3601,"height":3451,"caption":"Worldwide Responsible Accredited Production"},"image":{"@id":"https:\/\/wrapcompliance.org\/en\/#\/schema\/logo\/image\/"},"sameAs":["https:\/\/www.facebook.com\/WRAPcompliance\/","https:\/\/x.com\/wrapcompliance","https:\/\/www.linkedin.com\/company\/wrapcompliance"]},{"@type":"Person","@id":"https:\/\/wrapcompliance.org\/en\/#\/schema\/person\/cc32b665716c7f17c9dab13010c85aab","name":"B\u1eccC","image":{"@type":"ImageObject","inLanguage":"vi","@id":"https:\/\/secure.gravatar.com\/avatar\/addc8a35a212daf9ed8aad6e6933dd0530f5ba6e2472abe14295d01da27fe14a?s=96&d=mm&r=g","url":"https:\/\/secure.gravatar.com\/avatar\/addc8a35a212daf9ed8aad6e6933dd0530f5ba6e2472abe14295d01da27fe14a?s=96&d=mm&r=g","contentUrl":"https:\/\/secure.gravatar.com\/avatar\/addc8a35a212daf9ed8aad6e6933dd0530f5ba6e2472abe14295d01da27fe14a?s=96&d=mm&r=g","caption":"WRAP"},"description":"WRAP l\u00e0 m\u1ed9t nh\u00f3m chuy\u00ean gia tu\u00e2n th\u1ee7 x\u00e3 h\u1ed9i to\u00e0n c\u1ea7u \u0111\u1ed9c l\u1eadp, kh\u00e1ch quan v\u00e0 phi l\u1ee3i nhu\u1eadn, chuy\u00ean th\u00fac \u0111\u1ea9y s\u1ea3n xu\u1ea5t an to\u00e0n, h\u1ee3p ph\u00e1p, nh\u00e2n \u0111\u1ea1o v\u00e0 c\u00f3 \u0111\u1ea1o \u0111\u1ee9c tr\u00ean to\u00e0n th\u1ebf gi\u1edbi th\u00f4ng qua ch\u1ee9ng nh\u1eadn v\u00e0 gi\u00e1o d\u1ee5c.","url":"https:\/\/wrapcompliance.org\/vi\/author\/wrap\/"}]}},"rendered-html":"<div class=\"excerpt clickable post-28771 post type-post status-publish format-standard has-post-thumbnail hentry category-resources partner-aafa topic-audits topic-certification topic-compliance-issues topic-due-diligence topic-facilities topic-safety-and-health topic-supply-chains taxonomy-author-avedis-h-seferian\" data-href=\"https:\/\/wrapcompliance.org\/vi\/accountability-in-the-apparel-industry-10-years-after-rana-plaza\/\">\n<a href=\"https:\/\/wrapcompliance.org\/vi\/accountability-in-the-apparel-industry-10-years-after-rana-plaza\/\" aria-label=\"Accountability in the apparel industry 10 years after Rana Plaza\" class=\"thumbnail\"><img width=\"600\" height=\"503\" src=\"https:\/\/wrapcompliance.org\/wp-content\/uploads\/2023\/04\/Accountability-in-the-apparel-industry-10-years-after-Rana-Plaza-Facebook-Post-Landscape-1-600x503.png\" class=\"attachment-post-thumb size-post-thumb\" alt=\"\" style=\"object-position:26% 77%;\" decoding=\"async\" loading=\"lazy\" srcset=\"https:\/\/wrapcompliance.org\/wp-content\/uploads\/2023\/04\/Accountability-in-the-apparel-industry-10-years-after-Rana-Plaza-Facebook-Post-Landscape-1-600x503.png 600w, https:\/\/wrapcompliance.org\/wp-content\/uploads\/2023\/04\/Accountability-in-the-apparel-industry-10-years-after-Rana-Plaza-Facebook-Post-Landscape-1-300x251.png 300w, https:\/\/wrapcompliance.org\/wp-content\/uploads\/2023\/04\/Accountability-in-the-apparel-industry-10-years-after-Rana-Plaza-Facebook-Post-Landscape-1-768x644.png 768w, https:\/\/wrapcompliance.org\/wp-content\/uploads\/2023\/04\/Accountability-in-the-apparel-industry-10-years-after-Rana-Plaza-Facebook-Post-Landscape-1-14x12.png 14w, https:\/\/wrapcompliance.org\/wp-content\/uploads\/2023\/04\/Accountability-in-the-apparel-industry-10-years-after-Rana-Plaza-Facebook-Post-Landscape-1.png 940w\" sizes=\"auto, (max-width: 600px) 100vw, 600px\" \/><\/a>\n<h3 class=\"title\"><a href=\"https:\/\/wrapcompliance.org\/vi\/accountability-in-the-apparel-industry-10-years-after-rana-plaza\/\">Accountability in the apparel industry 10 years after Rana Plaza<\/a><\/h3>\n<div class=\"content\"><p>WRAP&#8217;s President and CEO, Avedis Seferian, joins the American Apparel &amp; Footwear Association (AAFA)&#8217;s Vice President of Policy, Nate Herman, for a discussion on accountability in the apparel industry ahead of the 10-year anniversary of the collapse of Rana Plaza.<\/p>\n<\/div><a href=\"https:\/\/wrapcompliance.org\/vi\/accountability-in-the-apparel-industry-10-years-after-rana-plaza\/\" class=\"more\" aria-label=\"Read More\"><svg class=\"icon svg-icon icon-arrow-right \"><use xlink:href=\"https:\/\/wrapcompliance.org\/wp-content\/themes\/wrapcompliance\/images\/icons.svg#icon-arrow-right\"><\/use><\/svg><\/a>\n<\/div>","_links":{"self":[{"href":"https:\/\/wrapcompliance.org\/vi\/wp-json\/wp\/v2\/posts\/28771","targetHints":{"allow":["GET"]}}],"collection":[{"href":"https:\/\/wrapcompliance.org\/vi\/wp-json\/wp\/v2\/posts"}],"about":[{"href":"https:\/\/wrapcompliance.org\/vi\/wp-json\/wp\/v2\/types\/post"}],"author":[{"embeddable":true,"href":"https:\/\/wrapcompliance.org\/vi\/wp-json\/wp\/v2\/users\/3"}],"replies":[{"embeddable":true,"href":"https:\/\/wrapcompliance.org\/vi\/wp-json\/wp\/v2\/comments?post=28771"}],"version-history":[{"count":0,"href":"https:\/\/wrapcompliance.org\/vi\/wp-json\/wp\/v2\/posts\/28771\/revisions"}],"wp:featuredmedia":[{"embeddable":true,"href":"https:\/\/wrapcompliance.org\/vi\/wp-json\/wp\/v2\/media\/28905"}],"wp:attachment":[{"href":"https:\/\/wrapcompliance.org\/vi\/wp-json\/wp\/v2\/media?parent=28771"}],"wp:term":[{"taxonomy":"category","embeddable":true,"href":"https:\/\/wrapcompliance.org\/vi\/wp-json\/wp\/v2\/categories?post=28771"},{"taxonomy":"partner","embeddable":true,"href":"https:\/\/wrapcompliance.org\/vi\/wp-json\/wp\/v2\/partner?post=28771"},{"taxonomy":"topic","embeddable":true,"href":"https:\/\/wrapcompliance.org\/vi\/wp-json\/wp\/v2\/topic?post=28771"},{"taxonomy":"taxonomy-author","embeddable":true,"href":"https:\/\/wrapcompliance.org\/vi\/wp-json\/wp\/v2\/taxonomy-author?post=28771"}],"curies":[{"name":"wp","href":"https:\/\/api.w.org\/{rel}","templated":true}]}}